{"id":2984,"date":"2026-04-23T15:20:51","date_gmt":"2026-04-23T13:20:51","guid":{"rendered":"https:\/\/us.edu.pl\/instytut\/igseigp\/?p=2984"},"modified":"2026-04-23T15:26:31","modified_gmt":"2026-04-23T13:26:31","slug":"2984","status":"publish","type":"post","link":"https:\/\/us.edu.pl\/instytut\/igseigp\/2026\/04\/23\/2984\/","title":{"rendered":"Prof. dr hab. Robert Krzysztofik na Europejskim Kongresie Gospodarczym"},"content":{"rendered":"<p>[vc_row][vc_column]\r\n                <div class=\"text-modules \">\r\n                    <div class=\"container\">\r\n                         \r\n                        <div class=\"row m-0\">\r\n                            <div class=\"text-modules__content\">\r\n                                <\/p>\n<p style=\"text-align: justify;\"><span style=\"font-size: 14pt;\">Podczas II dnia Europejskiego Kongresu Gospodarczego w Katowicach prof. dr hab. Robert Krzysztofik poprowadzi\u0142 panel dyskusyjny dotycz\u0105cy przysz\u0142o\u015bci metropolii i du\u017cych miast. W panelu udzia\u0142 wzi\u0119li: Monika Rosa, pos\u0142anka na Sejm RP, Jan Szyszko, sekretarz stanu, Ministerstwo Funduszy i Polityki Regionalnej, Igor \u015amieta\u0144ski, wiceprzewodnicz\u0105cy GZM, Daniel Beger, prezydent \u015awi\u0119toch\u0142owic, Oktawia Gorze\u0144ska, wiceprezydentka Gdyni, Maciej Gramatyka, prezydent Tych\u00f3w, Marcin Krupa, prezydent Katowic ,Maciej Fija\u0142kowski, sekretarz m.st. Warszawy, Piotr Kryszewski, dyrektor zarz\u0105dzaj\u0105cy ds. Zielonego Gda\u0144ska, Urz\u0105d Miejski w Gda\u0144sku\/<\/span><br \/>\n<span style=\"font-size: 14pt;\">Kr\u00f3tkie sprawozdanie z interesuj\u0105cych obrad i poruszan\u0105 tematyk\u0119 opublikowa\u0142 Portal Samorz\u0105dowy.<\/span><br \/>\n<a href=\"https:\/\/www.portalsamorzadowy.pl\/gospodarka-komunalna\/metropolia-bedzie-mocna-albo-nie-bedzie-jej-wcale-polskie-miasta-w-punkcie-zwrotnym,658121.html?mp=promo\"><span style=\"font-size: 14pt;\">https:\/\/www.portalsamorzadowy.pl\/gospodarka-komunalna\/metropolia-bedzie-mocna-albo-nie-bedzie-jej-wcale-polskie-miasta-w-punkcie-zwrotnym,658121.html?mp=promo<\/span><\/a><\/p>\n<div class=\"mt-3\"><\/div>\r\n                            <\/div>\r\n                            \r\n                            <div class=\"text-modules__img\"><img src=\"https:\/\/us.edu.pl\/instytut\/igseigp\/wp-content\/uploads\/sites\/35\/Bez-kategorii\/Robert_Krzysztofik-_1_.jpg\" alt=\"img\"><\/div>\r\n                        <\/div>\r\n                    <\/div>\r\n                <\/div>[\/vc_column][\/vc_row]<\/p>","protected":false},"excerpt":{"rendered":"<p>[vc_row][vc_column][\/vc_column][\/vc_row] [&#8230;]<\/p>\n<p><a class=\"btn btn-secondary understrap-read-more-link\" href=\"https:\/\/us.edu.pl\/instytut\/igseigp\/2026\/04\/23\/2984\/\">Read More&#8230;<\/a><\/p>\n","protected":false},"author":123,"featured_media":2985,"comment_status":"open","ping_status":"open","sticky":false,"template":"","format":"standard","meta":{"_expiration-date-status":"","_expiration-date":0,"_expiration-date-type":"","_expiration-date-categories":[],"_expiration-date-options":[]},"categories":[8],"tags":[],"acf":[],"_links":{"self":[{"href":"https:\/\/us.edu.pl\/instytut\/igseigp\/wp-json\/wp\/v2\/posts\/2984"}],"collection":[{"href":"https:\/\/us.edu.pl\/instytut\/igseigp\/wp-json\/wp\/v2\/posts"}],"about":[{"href":"https:\/\/us.edu.pl\/instytut\/igseigp\/wp-json\/wp\/v2\/types\/post"}],"author":[{"embeddable":true,"href":"https:\/\/us.edu.pl\/instytut\/igseigp\/wp-json\/wp\/v2\/users\/123"}],"replies":[{"embeddable":true,"href":"https:\/\/us.edu.pl\/instytut\/igseigp\/wp-json\/wp\/v2\/comments?post=2984"}],"version-history":[{"count":2,"href":"https:\/\/us.edu.pl\/instytut\/igseigp\/wp-json\/wp\/v2\/posts\/2984\/revisions"}],"predecessor-version":[{"id":2987,"href":"https:\/\/us.edu.pl\/instytut\/igseigp\/wp-json\/wp\/v2\/posts\/2984\/revisions\/2987"}],"wp:featuredmedia":[{"embeddable":true,"href":"https:\/\/us.edu.pl\/instytut\/igseigp\/wp-json\/wp\/v2\/media\/2985"}],"wp:attachment":[{"href":"https:\/\/us.edu.pl\/instytut\/igseigp\/wp-json\/wp\/v2\/media?parent=2984"}],"wp:term":[{"taxonomy":"category","embeddable":true,"href":"https:\/\/us.edu.pl\/instytut\/igseigp\/wp-json\/wp\/v2\/categories?post=2984"},{"taxonomy":"post_tag","embeddable":true,"href":"https:\/\/us.edu.pl\/instytut\/igseigp\/wp-json\/wp\/v2\/tags?post=2984"}],"curies":[{"name":"wp","href":"https:\/\/api.w.org\/{rel}","templated":true}]}}