{"id":2989,"date":"2026-04-27T10:53:07","date_gmt":"2026-04-27T08:53:07","guid":{"rendered":"https:\/\/us.edu.pl\/instytut\/igseigp\/?p=2989"},"modified":"2026-04-27T11:10:14","modified_gmt":"2026-04-27T09:10:14","slug":"prof-dr-hab-j-chodkowska-miszczuk-w-panelu-nt-jakosci","status":"publish","type":"post","link":"https:\/\/us.edu.pl\/instytut\/igseigp\/2026\/04\/27\/prof-dr-hab-j-chodkowska-miszczuk-w-panelu-nt-jakosci\/","title":{"rendered":"Prof. dr hab. J. Chodkowska-Miszczuk w panelu nt. jako\u015bci &#8211; Dni NCN 2026 na \u015al\u0105sku"},"content":{"rendered":"<p>[vc_row][vc_column]\r\n                <div class=\"text-modules \">\r\n                    <div class=\"container\">\r\n                         \r\n                        <div class=\"row m-0\">\r\n                            <div class=\"text-modules__content\">\r\n                                <\/p>\n<p style=\"text-align: justify;\"><span style=\"font-size: 14pt;\">\u201eJako\u015b\u0107: Naturalna Cecha Nauki\u201d to panel przygotowany przez Rad\u0119 NCN, po\u015bwi\u0119cony jako\u015bci w nauce. B\u0119dziemy dyskutowa\u0107 o wolno\u015bci wyboru temat\u00f3w badawczych, badaniach podstawowych i stosowanych oraz o ocenie wniosk\u00f3w i finansowaniu projekt\u00f3w.<\/span><br class=\"html-br\" \/><br class=\"html-br\" \/><span style=\"font-size: 14pt;\">W dyskusji poruszone zostan\u0105 m.in.:<\/span><\/p>\n<p style=\"text-align: justify;\"><span style=\"font-size: 14pt;\"><span class=\"html-span xexx8yu xyri2b x18d9i69 x1c1uobl x1hl2dhg x16tdsg8 x1vvkbs x3nfvp2 x1j61x8r x1fcty0u xdj266r xat24cr xm2jcoa x1mpyi22 xxymvpz xlup9mm x1kky2od\">&#8211;<\/span> jako\u015b\u0107 bada\u0144 i publikacji oraz rola NCN w popularyzacji wynik\u00f3w,<\/span><\/p>\n<p style=\"text-align: justify;\"><span style=\"font-size: 14pt;\"><span class=\"html-span xexx8yu xyri2b x18d9i69 x1c1uobl x1hl2dhg x16tdsg8 x1vvkbs x3nfvp2 x1j61x8r x1fcty0u xdj266r xat24cr xm2jcoa x1mpyi22 xxymvpz xlup9mm x1kky2od\">&#8211; <\/span>ocena wniosk\u00f3w grantowych i procedura odwo\u0142a\u0144,<\/span><\/p>\n<p><span style=\"font-size: 14pt;\"><span class=\"html-span xexx8yu xyri2b x18d9i69 x1c1uobl x1hl2dhg x16tdsg8 x1vvkbs x3nfvp2 x1j61x8r x1fcty0u xdj266r xat24cr xm2jcoa x1mpyi22 xxymvpz xlup9mm x1kky2od\">&#8211; <\/span><\/span><span style=\"font-size: 14pt;\">finansowanie bada\u0144 przy rosn\u0105cej liczbie wniosk\u00f3w i ograniczonych \u015brodkach,<\/span><\/p>\n<p><span style=\"font-size: 14pt;\"><span class=\"html-span xexx8yu xyri2b x18d9i69 x1c1uobl x1hl2dhg x16tdsg8 x1vvkbs x3nfvp2 x1j61x8r x1fcty0u xdj266r xat24cr xm2jcoa x1mpyi22 xxymvpz xlup9mm x1kky2od\">&#8211;<\/span> interdyscyplinarno\u015b\u0107 i transdyscyplinarno\u015b\u0107 bada\u0144,<\/span><\/p>\n<p><span style=\"font-size: 14pt;\"><span class=\"html-span xexx8yu xyri2b x18d9i69 x1c1uobl x1hl2dhg x16tdsg8 x1vvkbs x3nfvp2 x1j61x8r x1fcty0u xdj266r xat24cr xm2jcoa x1mpyi22 xxymvpz xlup9mm x1kky2od\">&#8211; <\/span>droga od bada\u0144 podstawowych do stosowanych,<\/span><\/p>\n<p><span style=\"font-size: 14pt;\">&#8211; regionalne i lokalne finansowanie bada\u0144,<\/span><br class=\"html-br\" \/><br class=\"html-br\" \/><span style=\"font-size: 14pt;\">Zapraszamy do udzia\u0142u! Wst\u0119p wolny, bez konieczno\u015bci rejestracji.<\/span><\/p>\n<p style=\"text-align: justify;\"><span style=\"font-size: 14pt;\">Wi\u0119cej\u00a0informacji: <a href=\"https:\/\/www.ncn.gov.pl\/o-ncn\/wydarzenia\/dni-ncn\/2026\">https:\/\/www.ncn.gov.pl\/o-ncn\/wydarzenia\/dni-ncn\/2026<\/a><\/span><\/p>\n<div class=\"mt-3\"><\/div>\r\n                            <\/div>\r\n                            \r\n                            <div class=\"text-modules__img\"><img src=\"https:\/\/us.edu.pl\/instytut\/igseigp\/wp-content\/uploads\/sites\/35\/Bez-kategorii\/Chodkowska.jpg\" alt=\"img\"><\/div>\r\n                        <\/div>\r\n                    <\/div>\r\n                <\/div>[\/vc_column][\/vc_row]<\/p>","protected":false},"excerpt":{"rendered":"<p>[vc_row][vc_column][\/vc_column][\/vc_row] [&#8230;]<\/p>\n<p><a class=\"btn btn-secondary understrap-read-more-link\" href=\"https:\/\/us.edu.pl\/instytut\/igseigp\/2026\/04\/27\/prof-dr-hab-j-chodkowska-miszczuk-w-panelu-nt-jakosci\/\">Read More&#8230;<\/a><\/p>\n","protected":false},"author":123,"featured_media":2993,"comment_status":"open","ping_status":"open","sticky":false,"template":"","format":"standard","meta":{"_expiration-date-status":"","_expiration-date":0,"_expiration-date-type":"","_expiration-date-categories":[],"_expiration-date-options":[]},"categories":[8],"tags":[],"acf":[],"_links":{"self":[{"href":"https:\/\/us.edu.pl\/instytut\/igseigp\/wp-json\/wp\/v2\/posts\/2989"}],"collection":[{"href":"https:\/\/us.edu.pl\/instytut\/igseigp\/wp-json\/wp\/v2\/posts"}],"about":[{"href":"https:\/\/us.edu.pl\/instytut\/igseigp\/wp-json\/wp\/v2\/types\/post"}],"author":[{"embeddable":true,"href":"https:\/\/us.edu.pl\/instytut\/igseigp\/wp-json\/wp\/v2\/users\/123"}],"replies":[{"embeddable":true,"href":"https:\/\/us.edu.pl\/instytut\/igseigp\/wp-json\/wp\/v2\/comments?post=2989"}],"version-history":[{"count":5,"href":"https:\/\/us.edu.pl\/instytut\/igseigp\/wp-json\/wp\/v2\/posts\/2989\/revisions"}],"predecessor-version":[{"id":2998,"href":"https:\/\/us.edu.pl\/instytut\/igseigp\/wp-json\/wp\/v2\/posts\/2989\/revisions\/2998"}],"wp:featuredmedia":[{"embeddable":true,"href":"https:\/\/us.edu.pl\/instytut\/igseigp\/wp-json\/wp\/v2\/media\/2993"}],"wp:attachment":[{"href":"https:\/\/us.edu.pl\/instytut\/igseigp\/wp-json\/wp\/v2\/media?parent=2989"}],"wp:term":[{"taxonomy":"category","embeddable":true,"href":"https:\/\/us.edu.pl\/instytut\/igseigp\/wp-json\/wp\/v2\/categories?post=2989"},{"taxonomy":"post_tag","embeddable":true,"href":"https:\/\/us.edu.pl\/instytut\/igseigp\/wp-json\/wp\/v2\/tags?post=2989"}],"curies":[{"name":"wp","href":"https:\/\/api.w.org\/{rel}","templated":true}]}}