{"id":2999,"date":"2026-04-27T11:13:37","date_gmt":"2026-04-27T09:13:37","guid":{"rendered":"https:\/\/us.edu.pl\/instytut\/igseigp\/?p=2999"},"modified":"2026-04-27T11:16:38","modified_gmt":"2026-04-27T09:16:38","slug":"projekt-akademia-metropolitalna","status":"publish","type":"post","link":"https:\/\/us.edu.pl\/instytut\/igseigp\/2026\/04\/27\/projekt-akademia-metropolitalna\/","title":{"rendered":"Projekt &#8222;Akademia Metropolitalna&#8221;"},"content":{"rendered":"<p>[vc_row][vc_column]\r\n                <div class=\"text-modules\">\r\n                    <div class=\"container\">\r\n                        \r\n                        <div class=\"text-modules__content\"><\/p>\n<p style=\"background: white; text-align: justify;\"><span style=\"font-size: 14pt; font-family: Verdana, sans-serif;\">W marcu 2026 roku Uniwersytet \u015al\u0105ski wraz z G\u00f3rno\u015bl\u0105sko-Zag\u0142\u0119biowsk\u0105 Metropoli\u0105 rozpocz\u0105\u0142 pilota\u017cowy program edukacji metropolitalnej dla nauczycieli szk\u00f3\u0142 podstawowych. Ma on na celu podniesienie ich kompetencji w zakresie dzia\u0142ania GZM, jej struktury i zwi\u0119kszenia wiedzy na temat zaawansowania funkcji metropolitalnych w regionie.<\/span><\/p>\n<p style=\"background: white; text-align: justify;\"><span style=\"font-size: 14pt; font-family: Verdana, sans-serif;\">Projekt \u201eAkademia Metropolitalna\u201d jest cyklem spotka\u0144, kt\u00f3re wzbogac\u0105 program nauczania o procesach metropolitalnych. W projekcie uczestnicz\u0105 min. prawnicy, socjolodzy, geografowie, historycy. Zaj\u0119cia z podstaw metropolizacji oraz zaawansowania proces\u00f3w miejskich w GZM prowadzi tak\u017ce dr hab. prof. U\u015a El\u017cbieta Zuza\u0144ska-\u017by\u015bko z Instytutu Geografii Spo\u0142eczno-Ekonomicznej i Gospodarki Przestrzennej Uniwersytetu \u015al\u0105skiego. Odbywaj\u0105 si\u0119 one w r\u00f3\u017cnych instytucjach metropolitalnych, jak np. w MetroLab GZM Katowice. Jest to przestrze\u0144 dzielenia si\u0119 wsp\u00f3lnymi pomys\u0142ami na miasto, projektowania zmian, testowania i wdra\u017cania innowacji miejskich oraz budowania wsp\u00f3\u0142pracy mi\u0119dzysektorowej.<\/span><\/p>\n<p style=\"background: white; text-align: justify;\"><span style=\"font-size: 14pt; font-family: Verdana, sans-serif;\"><a href=\"https:\/\/uniwersytetotwarty.us.edu.pl\/zaproszenie-do-udzialu-w-akademii-metropolitalnej\/?fbclid=IwY2xjawQSnfdleHRuA2FlbQIxMABicmlkETFXdDZMV1BtTnQxVE5xMVJBc3J0YwZhcHBfaWQQMjIyMDM5MTc4ODIwMDg5MgABHktFn2am5oZeqS-vahWNVMWg27WankQ5AdKfBNO7fNjThKgV6dCrpT9rLQha_aem_DwYyHi7ftF8FVLs3jS2FCg\" target=\"_blank\" rel=\"noopener\"><span style=\"color: #00acff;\">https:\/\/uniwersytetotwarty.us.edu.pl\/zaproszenie-do-udzialu-w-akademii-metropolitalnej\/?fbclid=IwY2\u2026<\/span><\/a><\/span><\/p>\n<p style=\"background: white; text-align: justify;\"><span style=\"font-size: 14pt; font-family: Verdana, sans-serif;\"><a href=\"https:\/\/us.edu.pl\/program-pn-akademia-metropolitalna\/\" target=\"_blank\" rel=\"noopener\"><span style=\"color: #00acff;\">Program pn. \u201eAkademia Metropolitalna\u201d | Uniwersytet \u015al\u0105ski w Katowicach<\/span><\/a><\/span><\/p>\n<p>\n<\/div>\r\n                    <\/div>\r\n                <\/div>[\/vc_column][\/vc_row][vc_row][vc_column]            \r\n                    <div class=\"container\">\r\n                        <div class=\"gallery gallery_2\" data-images-in-row=\"2\">\r\n                            \r\n                            <div class=\"row m-0\">\r\n                                <a data-fancybox-group=\"button\" title=\"Uczesticy Akademii Metropolitalnej w MetroLab GZM w Katowicach\" data-fancybox=\"6979\" href=\"https:\/\/us.edu.pl\/instytut\/igseigp\/wp-content\/uploads\/sites\/35\/Bez-kategorii\/MetroLab-2-2026.jpeg\" class=\"gallery__item thumbnail\"\r\n                                    style=\"background-image: url(https:\/\/us.edu.pl\/instytut\/igseigp\/wp-content\/uploads\/sites\/35\/Bez-kategorii\/MetroLab-2-2026-1024x768.jpeg)\"> <span class=\"d-none\">https:\/\/us.edu.pl\/instytut\/igseigp\/wp-content\/uploads\/sites\/35\/Bez-kategorii\/MetroLab-2-2026.jpeg<\/span> <\/a><a data-fancybox-group=\"button\" title=\"Wyk\u0142ad Zaawansowanie proces\u00f3w metropolizacji w GZM 11.04.2026 \" data-fancybox=\"6979\" href=\"https:\/\/us.edu.pl\/instytut\/igseigp\/wp-content\/uploads\/sites\/35\/Bez-kategorii\/metrolab-2026-ela-gzm-wykladIMG_2023-scaled.jpeg\" class=\"gallery__item thumbnail\"\r\n                                    style=\"background-image: url(https:\/\/us.edu.pl\/instytut\/igseigp\/wp-content\/uploads\/sites\/35\/Bez-kategorii\/metrolab-2026-ela-gzm-wykladIMG_2023-768x1024.jpeg)\"> <span class=\"d-none\">https:\/\/us.edu.pl\/instytut\/igseigp\/wp-content\/uploads\/sites\/35\/Bez-kategorii\/metrolab-2026-ela-gzm-wykladIMG_2023-scaled.jpeg<\/span> <\/a>\r\n                            <\/div>\r\n                    <\/div>\r\n                <\/div>[\/vc_column][\/vc_row]<\/p>","protected":false},"excerpt":{"rendered":"<p>[vc_row][vc_column][\/vc_column][\/vc_row][vc_row][vc_column][\/vc_column][\/vc_row] [&#8230;]<\/p>\n<p><a class=\"btn btn-secondary understrap-read-more-link\" href=\"https:\/\/us.edu.pl\/instytut\/igseigp\/2026\/04\/27\/projekt-akademia-metropolitalna\/\">Read More&#8230;<\/a><\/p>\n","protected":false},"author":123,"featured_media":3000,"comment_status":"open","ping_status":"open","sticky":false,"template":"","format":"standard","meta":{"_expiration-date-status":"","_expiration-date":0,"_expiration-date-type":"","_expiration-date-categories":[],"_expiration-date-options":[]},"categories":[8],"tags":[],"acf":[],"_links":{"self":[{"href":"https:\/\/us.edu.pl\/instytut\/igseigp\/wp-json\/wp\/v2\/posts\/2999"}],"collection":[{"href":"https:\/\/us.edu.pl\/instytut\/igseigp\/wp-json\/wp\/v2\/posts"}],"about":[{"href":"https:\/\/us.edu.pl\/instytut\/igseigp\/wp-json\/wp\/v2\/types\/post"}],"author":[{"embeddable":true,"href":"https:\/\/us.edu.pl\/instytut\/igseigp\/wp-json\/wp\/v2\/users\/123"}],"replies":[{"embeddable":true,"href":"https:\/\/us.edu.pl\/instytut\/igseigp\/wp-json\/wp\/v2\/comments?post=2999"}],"version-history":[{"count":1,"href":"https:\/\/us.edu.pl\/instytut\/igseigp\/wp-json\/wp\/v2\/posts\/2999\/revisions"}],"predecessor-version":[{"id":3002,"href":"https:\/\/us.edu.pl\/instytut\/igseigp\/wp-json\/wp\/v2\/posts\/2999\/revisions\/3002"}],"wp:featuredmedia":[{"embeddable":true,"href":"https:\/\/us.edu.pl\/instytut\/igseigp\/wp-json\/wp\/v2\/media\/3000"}],"wp:attachment":[{"href":"https:\/\/us.edu.pl\/instytut\/igseigp\/wp-json\/wp\/v2\/media?parent=2999"}],"wp:term":[{"taxonomy":"category","embeddable":true,"href":"https:\/\/us.edu.pl\/instytut\/igseigp\/wp-json\/wp\/v2\/categories?post=2999"},{"taxonomy":"post_tag","embeddable":true,"href":"https:\/\/us.edu.pl\/instytut\/igseigp\/wp-json\/wp\/v2\/tags?post=2999"}],"curies":[{"name":"wp","href":"https:\/\/api.w.org\/{rel}","templated":true}]}}