{"id":904,"date":"2021-01-29T10:51:41","date_gmt":"2021-01-29T09:51:41","guid":{"rendered":"https:\/\/us.edu.pl\/instytut\/igseigp\/?p=904"},"modified":"2021-01-29T10:51:41","modified_gmt":"2021-01-29T09:51:41","slug":"sprawiedliwa-transformacja-raport","status":"publish","type":"post","link":"https:\/\/us.edu.pl\/instytut\/igseigp\/2021\/01\/29\/sprawiedliwa-transformacja-raport\/","title":{"rendered":"Sprawiedliwa transformacja.  Raport"},"content":{"rendered":"<p>[vc_row][vc_column]\r\n                <div class=\"text-modules reverse\">\r\n                    <div class=\"container\">\r\n                         \r\n                        <div class=\"row m-0\">\r\n                            <div class=\"text-modules__content\">\r\n                                <\/p>\n<p style=\"text-align: justify\">Polecamy najnowszy raport Instytutu Bada\u0144 Strukturalnych, kt\u00f3rego wsp\u00f3\u0142autorem jest dr hab. Robert Krzysztofik, prof. U\u015a. Autorami opracowania s\u0105 r\u00f3wnie\u017c dr Joanna Mazurkiewicz, Jan Frankowski i Jakub Soko\u0142owski z IBS. Raport zosta\u0142 przygotowany na zlecenie WWF Polska \u201eKierunki Terytorialnego Planu Sprawiedliwej Transformacji i Rozwoju dla Wojew\u00f3dztwa \u015al\u0105skiego\u201d. Badania w Raporcie dotycz\u0105 kwestii zmian struktury zatrudnienia w sektorze g\u00f3rnictwa w najbli\u017cszej dekadzie, ze szczeg\u00f3lnym uwzgl\u0119dnieniem idei sprawiedliwej transformacji (just transition). Elementem podstawowym jest ubytek miejsc pracy w sektorze wydobywczym oraz tzw. dzia\u0142alno\u015bci alternatywne maj\u0105ce kompensowa\u0107 to pierwsze zjawisko, zar\u00f3wno w wymiarze gospodarczym, jak i spo\u0142ecznym.<br \/>\nRaport \u201eKierunki Terytorialnego Planu Sprawiedliwej Transformacji i Rozwoju dla Wojew\u00f3dztwa \u015al\u0105skiego\u201d zosta\u0142 opracowany dla Fundacji WWF Polska w ramach projektu \u201eRegiony i gminy na rzecz sprawiedliwej transformacji\u201d w ramach Europejskiej Inicjatywy na rzecz Ochrony Klimatu (EUKI) Niemieckiego Federalnego Ministerstwa \u015arodowiska, Ochrony Przyrody i Bezpiecze\u0144stwa Reaktor\u00f3w Atomowych (BMU). Raport mo\u017cna przeczyta\u0107 klikaj\u0105c w ten link: <a href=\"https:\/\/www.wwf.pl\/aktualnosci\/co-dalej-z-rozwojem-slaska\">https:\/\/www.wwf.pl\/aktualnosci\/co-dalej-z-rozwojem-slaska<\/a><\/p>\n<div class=\"mt-3\"><\/div>\r\n                            <\/div>\r\n                            \r\n                            <div class=\"text-modules__img\"><img src=\"https:\/\/us.edu.pl\/instytut\/igseigp\/wp-content\/uploads\/sites\/35\/Nieprzypisane\/IMG_20180429_113139.jpg\" alt=\"img\"><\/div>\r\n                        <\/div>\r\n                    <\/div>\r\n                <\/div>[\/vc_column][\/vc_row][vc_row][vc_column width=&#8221;1\/2&#8243;]\r\n                <div class=\"text-modules\">\r\n                    <div class=\"container\">\r\n                        \r\n                        <div class=\"text-modules__content\"><p>Fot. Zlikwidowana kopalnia KWK &#8222;Kazimierz-Juliusz&#8221; w Sosnowcu.<\/p>\n<\/div>\r\n                    <\/div>\r\n                <\/div>[\/vc_column][vc_column width=&#8221;1\/2&#8243;][\/vc_column][\/vc_row]<\/p>","protected":false},"excerpt":{"rendered":"<p>[vc_row][vc_column][\/vc_column][\/vc_row][vc_row][vc_column width=&#8221;1\/2&#8243;][\/vc_column][vc_column width=&#8221;1\/2&#8243;][\/vc_column][\/vc_row] [&#8230;]<\/p>\n<p><a class=\"btn btn-secondary understrap-read-more-link\" href=\"https:\/\/us.edu.pl\/instytut\/igseigp\/2021\/01\/29\/sprawiedliwa-transformacja-raport\/\">Read More&#8230;<\/a><\/p>\n","protected":false},"author":123,"featured_media":902,"comment_status":"open","ping_status":"open","sticky":false,"template":"","format":"standard","meta":{"_expiration-date-status":"saved","_expiration-date":0,"_expiration-date-type":"","_expiration-date-categories":[],"_expiration-date-options":[]},"categories":[8],"tags":[],"acf":[],"_links":{"self":[{"href":"https:\/\/us.edu.pl\/instytut\/igseigp\/wp-json\/wp\/v2\/posts\/904"}],"collection":[{"href":"https:\/\/us.edu.pl\/instytut\/igseigp\/wp-json\/wp\/v2\/posts"}],"about":[{"href":"https:\/\/us.edu.pl\/instytut\/igseigp\/wp-json\/wp\/v2\/types\/post"}],"author":[{"embeddable":true,"href":"https:\/\/us.edu.pl\/instytut\/igseigp\/wp-json\/wp\/v2\/users\/123"}],"replies":[{"embeddable":true,"href":"https:\/\/us.edu.pl\/instytut\/igseigp\/wp-json\/wp\/v2\/comments?post=904"}],"version-history":[{"count":2,"href":"https:\/\/us.edu.pl\/instytut\/igseigp\/wp-json\/wp\/v2\/posts\/904\/revisions"}],"predecessor-version":[{"id":906,"href":"https:\/\/us.edu.pl\/instytut\/igseigp\/wp-json\/wp\/v2\/posts\/904\/revisions\/906"}],"wp:featuredmedia":[{"embeddable":true,"href":"https:\/\/us.edu.pl\/instytut\/igseigp\/wp-json\/wp\/v2\/media\/902"}],"wp:attachment":[{"href":"https:\/\/us.edu.pl\/instytut\/igseigp\/wp-json\/wp\/v2\/media?parent=904"}],"wp:term":[{"taxonomy":"category","embeddable":true,"href":"https:\/\/us.edu.pl\/instytut\/igseigp\/wp-json\/wp\/v2\/categories?post=904"},{"taxonomy":"post_tag","embeddable":true,"href":"https:\/\/us.edu.pl\/instytut\/igseigp\/wp-json\/wp\/v2\/tags?post=904"}],"curies":[{"name":"wp","href":"https:\/\/api.w.org\/{rel}","templated":true}]}}