{"id":2751,"date":"2023-12-08T13:45:00","date_gmt":"2023-12-08T12:45:00","guid":{"rendered":"https:\/\/us.edu.pl\/instytut\/ih\/?p=2751"},"modified":"2023-12-08T13:45:00","modified_gmt":"2023-12-08T12:45:00","slug":"dr-michal-faszcza-w-audycji-tok-fm-na-temat-zamachow-stanu-w-dziejach-europy","status":"publish","type":"post","link":"https:\/\/us.edu.pl\/instytut\/ih\/2023\/12\/08\/dr-michal-faszcza-w-audycji-tok-fm-na-temat-zamachow-stanu-w-dziejach-europy\/","title":{"rendered":"Dr Micha\u0142 Faszcza w audycji TOK FM na temat zamach\u00f3w stanu w dziejach Europy"},"content":{"rendered":"<p>[vc_row][vc_column width=&#8221;2\/3&#8243;]\r\n                <div class=\"text-modules\">\r\n                    <div class=\"container\">\r\n                        \r\n                        <div class=\"text-modules__content\"><p>Na antenie TOK FM z Karolin\u0105 Lewick\u0105 rozmawia\u0142 nasz pracownik, <strong>dr Micha\u0142 Norbert Faszcza<\/strong>. Tematem audycji by\u0142y zamachy stanu w dziejach Europy.<\/p>\n<p>Audycja: <a href=\"https:\/\/audycje.tokfm.pl\/podcast\/148421,Najbardziej-ryzykowna-jedna-z-trzech-metod-przejmowania-wladzy-o-istocie-zamachu-stanu?fbclid=IwAR3Z9rOu0sLulL3_bluoH9tQB45Ge6PbbmPnZ1YTy0C1yVF84ERVuDnR0_4\">LINK<\/a><\/p>\n<\/div>\r\n                    <\/div>\r\n                <\/div>[\/vc_column][vc_column width=&#8221;1\/3&#8243;][\/vc_column][\/vc_row]<\/p>","protected":false},"excerpt":{"rendered":"<p>[vc_row][vc_column width=&#8221;2\/3&#8243;][\/vc_column][vc_column width=&#8221;1\/3&#8243;][\/vc_column][\/vc_row] [&#8230;]<\/p>\n<p><a class=\"btn btn-secondary understrap-read-more-link\" href=\"https:\/\/us.edu.pl\/instytut\/ih\/2023\/12\/08\/dr-michal-faszcza-w-audycji-tok-fm-na-temat-zamachow-stanu-w-dziejach-europy\/\">Read More&#8230;<\/a><\/p>\n","protected":false},"author":2490,"featured_media":0,"comment_status":"open","ping_status":"open","sticky":false,"template":"","format":"standard","meta":{"_expiration-date-status":"","_expiration-date":0,"_expiration-date-type":"","_expiration-date-categories":[],"_expiration-date-options":[]},"categories":[11],"tags":[],"acf":[],"_links":{"self":[{"href":"https:\/\/us.edu.pl\/instytut\/ih\/wp-json\/wp\/v2\/posts\/2751"}],"collection":[{"href":"https:\/\/us.edu.pl\/instytut\/ih\/wp-json\/wp\/v2\/posts"}],"about":[{"href":"https:\/\/us.edu.pl\/instytut\/ih\/wp-json\/wp\/v2\/types\/post"}],"author":[{"embeddable":true,"href":"https:\/\/us.edu.pl\/instytut\/ih\/wp-json\/wp\/v2\/users\/2490"}],"replies":[{"embeddable":true,"href":"https:\/\/us.edu.pl\/instytut\/ih\/wp-json\/wp\/v2\/comments?post=2751"}],"version-history":[{"count":1,"href":"https:\/\/us.edu.pl\/instytut\/ih\/wp-json\/wp\/v2\/posts\/2751\/revisions"}],"predecessor-version":[{"id":2752,"href":"https:\/\/us.edu.pl\/instytut\/ih\/wp-json\/wp\/v2\/posts\/2751\/revisions\/2752"}],"wp:attachment":[{"href":"https:\/\/us.edu.pl\/instytut\/ih\/wp-json\/wp\/v2\/media?parent=2751"}],"wp:term":[{"taxonomy":"category","embeddable":true,"href":"https:\/\/us.edu.pl\/instytut\/ih\/wp-json\/wp\/v2\/categories?post=2751"},{"taxonomy":"post_tag","embeddable":true,"href":"https:\/\/us.edu.pl\/instytut\/ih\/wp-json\/wp\/v2\/tags?post=2751"}],"curies":[{"name":"wp","href":"https:\/\/api.w.org\/{rel}","templated":true}]}}