{"id":3429,"date":"2024-09-23T21:16:17","date_gmt":"2024-09-23T19:16:17","guid":{"rendered":"https:\/\/us.edu.pl\/instytut\/ih\/?p=3429"},"modified":"2024-09-23T21:16:17","modified_gmt":"2024-09-23T19:16:17","slug":"prof-dr-hab-dariusz-nawrot-wystapil-w-nowym-odcinku-programu-historia-kuchni-polskiej","status":"publish","type":"post","link":"https:\/\/us.edu.pl\/instytut\/ih\/2024\/09\/23\/prof-dr-hab-dariusz-nawrot-wystapil-w-nowym-odcinku-programu-historia-kuchni-polskiej\/","title":{"rendered":"Prof. dr. hab. Dariusz Nawrot wyst\u0105pi\u0142 w nowym odcinku programu &#8222;Historia kuchni polskiej&#8221;"},"content":{"rendered":"<p>[vc_row][vc_column width=&#8221;2\/3&#8243;]\r\n                <div class=\"text-modules\">\r\n                    <div class=\"container\">\r\n                        \r\n                        <div class=\"text-modules__content\"><p>W najnowszym odcinku programu <span class=\"html-span xdj266r x11i5rnm xat24cr x1mh8g0r xexx8yu x4uap5 x18d9i69 xkhd6sd x1hl2dhg x16tdsg8 x1vvkbs\"><a class=\"x1i10hfl xjbqb8w x1ejq31n xd10rxx x1sy0etr x17r0tee x972fbf xcfux6l x1qhh985 xm0m39n x9f619 x1ypdohk xt0psk2 xe8uvvx xdj266r x11i5rnm xat24cr x1mh8g0r xexx8yu x4uap5 x18d9i69 xkhd6sd x16tdsg8 x1hl2dhg xggy1nq x1a2a7pz x1sur9pj xkrqix3 x1fey0fg x1s688f\" tabindex=\"0\" role=\"link\" href=\"https:\/\/www.facebook.com\/HistoriaKuchniPolskiej?__cft__[0]=AZWvK1SbHbPBqj70aNAw_uMoLDaEqVkmKVJzw9MbmFvugswpX2RVMhAirw4We4NP_9IL-QBBsgl67EzwrXPrl8qxsFxQWqIN0l2hnnEEr2lkQShty_tfqe2PPRg0Zf1217Wl9q2vyXNYEaCXDNow3s6eugnGfF1vIb_b50fwaBYh3RFSA-dlLH_Le70TkM9Qr94_uxgSydvFjDMb0wrPrQUIUzE9o1Gi3JUZBxRbTL9DQA&amp;__tn__=-]K-R\"><span class=\"xt0psk2\">Historia kuchni polskiej<\/span><\/a><\/span> wyst\u0105pi\u0142 <strong>prof. dr. hab. Dariusz Nawrot<\/strong>, kt\u00f3ry opowiedzia\u0142 o ucztach w napoleo\u0144skim Wilnie oraz do\u015bwiadczeniach i fascynacjach polskich i francuskich \u017co\u0142nierzy.<\/p>\n<p>Program: <a href=\"https:\/\/vod.tvp.pl\/programy,88\/historia-kuchni-polskiej-odcinki,1235711\/odcinek-13,S01E13,1600667?fbclid=IwY2xjawFenQdleHRuA2FlbQIxMAABHQIr0CeE8Z7aZsgibPUZffzhvjdATp_YOCwAN7xHpCBZ1Q5p2Ls3UiEkig_aem_mBapgmFHf7lRTfig0Y1LAQ\">LINK<\/a><\/p>\n<\/div>\r\n                    <\/div>\r\n                <\/div>[\/vc_column][vc_column width=&#8221;1\/3&#8243;][\/vc_column][\/vc_row]<\/p>","protected":false},"excerpt":{"rendered":"<p>[vc_row][vc_column width=&#8221;2\/3&#8243;][\/vc_column][vc_column width=&#8221;1\/3&#8243;][\/vc_column][\/vc_row] [&#8230;]<\/p>\n<p><a class=\"btn btn-secondary understrap-read-more-link\" href=\"https:\/\/us.edu.pl\/instytut\/ih\/2024\/09\/23\/prof-dr-hab-dariusz-nawrot-wystapil-w-nowym-odcinku-programu-historia-kuchni-polskiej\/\">Read More&#8230;<\/a><\/p>\n","protected":false},"author":2490,"featured_media":3433,"comment_status":"open","ping_status":"open","sticky":false,"template":"","format":"standard","meta":{"_expiration-date-status":"","_expiration-date":0,"_expiration-date-type":"","_expiration-date-categories":[],"_expiration-date-options":[]},"categories":[11],"tags":[],"acf":[],"_links":{"self":[{"href":"https:\/\/us.edu.pl\/instytut\/ih\/wp-json\/wp\/v2\/posts\/3429"}],"collection":[{"href":"https:\/\/us.edu.pl\/instytut\/ih\/wp-json\/wp\/v2\/posts"}],"about":[{"href":"https:\/\/us.edu.pl\/instytut\/ih\/wp-json\/wp\/v2\/types\/post"}],"author":[{"embeddable":true,"href":"https:\/\/us.edu.pl\/instytut\/ih\/wp-json\/wp\/v2\/users\/2490"}],"replies":[{"embeddable":true,"href":"https:\/\/us.edu.pl\/instytut\/ih\/wp-json\/wp\/v2\/comments?post=3429"}],"version-history":[{"count":1,"href":"https:\/\/us.edu.pl\/instytut\/ih\/wp-json\/wp\/v2\/posts\/3429\/revisions"}],"predecessor-version":[{"id":3437,"href":"https:\/\/us.edu.pl\/instytut\/ih\/wp-json\/wp\/v2\/posts\/3429\/revisions\/3437"}],"wp:featuredmedia":[{"embeddable":true,"href":"https:\/\/us.edu.pl\/instytut\/ih\/wp-json\/wp\/v2\/media\/3433"}],"wp:attachment":[{"href":"https:\/\/us.edu.pl\/instytut\/ih\/wp-json\/wp\/v2\/media?parent=3429"}],"wp:term":[{"taxonomy":"category","embeddable":true,"href":"https:\/\/us.edu.pl\/instytut\/ih\/wp-json\/wp\/v2\/categories?post=3429"},{"taxonomy":"post_tag","embeddable":true,"href":"https:\/\/us.edu.pl\/instytut\/ih\/wp-json\/wp\/v2\/tags?post=3429"}],"curies":[{"name":"wp","href":"https:\/\/api.w.org\/{rel}","templated":true}]}}