{"id":4128,"date":"2024-11-26T21:17:54","date_gmt":"2024-11-26T20:17:54","guid":{"rendered":"https:\/\/us.edu.pl\/instytut\/ih\/?p=4128"},"modified":"2024-11-26T21:17:54","modified_gmt":"2024-11-26T20:17:54","slug":"dr-dawid-madziar-wyglosil-wyklad-na-temat-dzialalnosci-niepodleglosciowej-adama-mickiewicza-w-ramach-cyklu-historia-na-ekranie-w-kinie-kosmos","status":"publish","type":"post","link":"https:\/\/us.edu.pl\/instytut\/ih\/2024\/11\/26\/dr-dawid-madziar-wyglosil-wyklad-na-temat-dzialalnosci-niepodleglosciowej-adama-mickiewicza-w-ramach-cyklu-historia-na-ekranie-w-kinie-kosmos\/","title":{"rendered":"Dr Dawid Madziar wyg\u0142osi\u0142 wyk\u0142ad na temat dzia\u0142alno\u015bci niepodleg\u0142o\u015bciowej Adama Mickiewicza w ramach cyklu &#8222;Historia na Ekranie&#8221; w Kinie Kosmos"},"content":{"rendered":"<p>[vc_row][vc_column width=&#8221;2\/3&#8243;]\r\n                <div class=\"text-modules\">\r\n                    <div class=\"container\">\r\n                        \r\n                        <div class=\"text-modules__content\"><p>W dniu 21 listopada w ramach cyklu \u201eHistoria na Ekranie\u201d prowadzonym przez Kino Kosmos <strong>dr Dawid Madziar<\/strong> wyg\u0142osi\u0142 dla uczni\u00f3w szk\u00f3\u0142 ponadpodstawowych wyk\u0142ad pt. <strong>\u201eDzia\u0142alno\u015b\u0107 niepodleg\u0142o\u015bciowa Adama Mickiewicza i jego wizja odbudowy utraconej ojczyzny\u201d<\/strong>. Wyk\u0142ad by\u0142 wst\u0119pem do projekcji filmu <strong>\u201eNiepewno\u015b\u0107. Zakochany Mickiewicz\u201d<\/strong>.<\/p>\n<\/div>\r\n                    <\/div>\r\n                <\/div>[\/vc_column][vc_column width=&#8221;1\/3&#8243;][\/vc_column][\/vc_row][vc_row][vc_column width=&#8221;2\/3&#8243;]            \r\n                    <div class=\"container\">\r\n                        <div class=\"gallery gallery_2\" data-images-in-row=\"2\">\r\n                            \r\n                            <div class=\"row m-0\">\r\n                                <a data-fancybox-group=\"button\" title=\"\" data-fancybox=\"1612\" href=\"https:\/\/us.edu.pl\/instytut\/ih\/wp-content\/uploads\/sites\/24\/Bez-kategorii\/1-115.jpg\" class=\"gallery__item thumbnail\"\r\n                                    style=\"background-image: url(https:\/\/us.edu.pl\/instytut\/ih\/wp-content\/uploads\/sites\/24\/Bez-kategorii\/1-115-1024x1024.jpg)\"> <span class=\"d-none\">https:\/\/us.edu.pl\/instytut\/ih\/wp-content\/uploads\/sites\/24\/Bez-kategorii\/1-115.jpg<\/span> <\/a><a data-fancybox-group=\"button\" title=\"\" data-fancybox=\"1612\" href=\"https:\/\/us.edu.pl\/instytut\/ih\/wp-content\/uploads\/sites\/24\/Bez-kategorii\/1-116-scaled.jpg\" class=\"gallery__item thumbnail\"\r\n                                    style=\"background-image: url(https:\/\/us.edu.pl\/instytut\/ih\/wp-content\/uploads\/sites\/24\/Bez-kategorii\/1-116-1024x577.jpg)\"> <span class=\"d-none\">https:\/\/us.edu.pl\/instytut\/ih\/wp-content\/uploads\/sites\/24\/Bez-kategorii\/1-116-scaled.jpg<\/span> <\/a>\r\n                            <\/div>\r\n                    <\/div>\r\n                <\/div>[\/vc_column][vc_column width=&#8221;1\/3&#8243;][\/vc_column][\/vc_row]<\/p>","protected":false},"excerpt":{"rendered":"<p>[vc_row][vc_column width=&#8221;2\/3&#8243;][\/vc_column][vc_column width=&#8221;1\/3&#8243;][\/vc_column][\/vc_row][vc_row][vc_column width=&#8221;2\/3&#8243;][\/vc_column][vc_column width=&#8221;1\/3&#8243;][\/vc_column][\/vc_row] [&#8230;]<\/p>\n<p><a class=\"btn btn-secondary understrap-read-more-link\" href=\"https:\/\/us.edu.pl\/instytut\/ih\/2024\/11\/26\/dr-dawid-madziar-wyglosil-wyklad-na-temat-dzialalnosci-niepodleglosciowej-adama-mickiewicza-w-ramach-cyklu-historia-na-ekranie-w-kinie-kosmos\/\">Read More&#8230;<\/a><\/p>\n","protected":false},"author":2490,"featured_media":4132,"comment_status":"open","ping_status":"open","sticky":false,"template":"","format":"standard","meta":{"_expiration-date-status":"","_expiration-date":0,"_expiration-date-type":"","_expiration-date-categories":[],"_expiration-date-options":[]},"categories":[11],"tags":[],"acf":[],"_links":{"self":[{"href":"https:\/\/us.edu.pl\/instytut\/ih\/wp-json\/wp\/v2\/posts\/4128"}],"collection":[{"href":"https:\/\/us.edu.pl\/instytut\/ih\/wp-json\/wp\/v2\/posts"}],"about":[{"href":"https:\/\/us.edu.pl\/instytut\/ih\/wp-json\/wp\/v2\/types\/post"}],"author":[{"embeddable":true,"href":"https:\/\/us.edu.pl\/instytut\/ih\/wp-json\/wp\/v2\/users\/2490"}],"replies":[{"embeddable":true,"href":"https:\/\/us.edu.pl\/instytut\/ih\/wp-json\/wp\/v2\/comments?post=4128"}],"version-history":[{"count":1,"href":"https:\/\/us.edu.pl\/instytut\/ih\/wp-json\/wp\/v2\/posts\/4128\/revisions"}],"predecessor-version":[{"id":4134,"href":"https:\/\/us.edu.pl\/instytut\/ih\/wp-json\/wp\/v2\/posts\/4128\/revisions\/4134"}],"wp:featuredmedia":[{"embeddable":true,"href":"https:\/\/us.edu.pl\/instytut\/ih\/wp-json\/wp\/v2\/media\/4132"}],"wp:attachment":[{"href":"https:\/\/us.edu.pl\/instytut\/ih\/wp-json\/wp\/v2\/media?parent=4128"}],"wp:term":[{"taxonomy":"category","embeddable":true,"href":"https:\/\/us.edu.pl\/instytut\/ih\/wp-json\/wp\/v2\/categories?post=4128"},{"taxonomy":"post_tag","embeddable":true,"href":"https:\/\/us.edu.pl\/instytut\/ih\/wp-json\/wp\/v2\/tags?post=4128"}],"curies":[{"name":"wp","href":"https:\/\/api.w.org\/{rel}","templated":true}]}}