{"id":515,"date":"2020-01-18T19:16:40","date_gmt":"2020-01-18T18:16:40","guid":{"rendered":"http:\/\/us.edu.pl\/instytut\/ih\/?p=515"},"modified":"2020-01-18T19:19:09","modified_gmt":"2020-01-18T18:19:09","slug":"50-lat-od-powstania-instytutu-historii-uniwersytetu-slaskiego","status":"publish","type":"post","link":"https:\/\/us.edu.pl\/instytut\/ih\/2020\/01\/18\/50-lat-od-powstania-instytutu-historii-uniwersytetu-slaskiego\/","title":{"rendered":"50 lat od powstania Instytutu Historii Uniwersytetu \u015al\u0105skiego"},"content":{"rendered":"<p>[vc_row][vc_column]\r\n                <div class=\"text-modules\">\r\n                    <div class=\"container\">\r\n                        \r\n                        <div class=\"text-modules__content\"><p><span style=\"font-size: 12pt\"><strong>26 czerwca 1969 roku<\/strong> wesz\u0142a w \u017cycie nowa organizacja uczelni wy\u017cszych, w efekcie kt\u00f3rej istniej\u0105ca dot\u0105d Zespo\u0142owa Katedra Historii zosta\u0142a przekszta\u0142cona w <strong>Instytut Historii<\/strong>. <\/span><span style=\"font-size: 12pt\">Pierwszym dyrektorem Instytutu zosta\u0142 \u00f3wczesny rektor U\u015a <strong>prof.<\/strong> <strong>Kazimierz Popio\u0142ek<\/strong>. Pocz\u0105tkowo w ramach IH istnia\u0142y dwa zak\u0142ady: Historii Staro\u017cytnej i \u015aredniowiecznej (kierowa\u0142 nim przyby\u0142y z Uniwersytetu \u0141\u00f3dzkiego znawca epoki Jagiellon\u00f3w prof. <strong>Stefan Maria Kuczy\u0144ski<\/strong>) oraz Historii Nowo\u017cytnej i Najnowszej (na czele stan\u0105\u0142 <strong>prof. Jan Pacho\u0144ski<\/strong>).<\/span><\/p>\n<\/div>\r\n                    <\/div>\r\n                <\/div>[\/vc_column][\/vc_row]<\/p>","protected":false},"excerpt":{"rendered":"<p>[vc_row][vc_column][\/vc_column][\/vc_row] [&#8230;]<\/p>\n<p><a class=\"btn btn-secondary understrap-read-more-link\" href=\"https:\/\/us.edu.pl\/instytut\/ih\/2020\/01\/18\/50-lat-od-powstania-instytutu-historii-uniwersytetu-slaskiego\/\">Read More&#8230;<\/a><\/p>\n","protected":false},"author":32,"featured_media":9,"comment_status":"open","ping_status":"open","sticky":false,"template":"","format":"standard","meta":{"_expiration-date-status":"saved","_expiration-date":0,"_expiration-date-type":"","_expiration-date-categories":[],"_expiration-date-options":[]},"categories":[11],"tags":[],"acf":[],"_links":{"self":[{"href":"https:\/\/us.edu.pl\/instytut\/ih\/wp-json\/wp\/v2\/posts\/515"}],"collection":[{"href":"https:\/\/us.edu.pl\/instytut\/ih\/wp-json\/wp\/v2\/posts"}],"about":[{"href":"https:\/\/us.edu.pl\/instytut\/ih\/wp-json\/wp\/v2\/types\/post"}],"author":[{"embeddable":true,"href":"https:\/\/us.edu.pl\/instytut\/ih\/wp-json\/wp\/v2\/users\/32"}],"replies":[{"embeddable":true,"href":"https:\/\/us.edu.pl\/instytut\/ih\/wp-json\/wp\/v2\/comments?post=515"}],"version-history":[{"count":2,"href":"https:\/\/us.edu.pl\/instytut\/ih\/wp-json\/wp\/v2\/posts\/515\/revisions"}],"predecessor-version":[{"id":517,"href":"https:\/\/us.edu.pl\/instytut\/ih\/wp-json\/wp\/v2\/posts\/515\/revisions\/517"}],"wp:featuredmedia":[{"embeddable":true,"href":"https:\/\/us.edu.pl\/instytut\/ih\/wp-json\/wp\/v2\/media\/9"}],"wp:attachment":[{"href":"https:\/\/us.edu.pl\/instytut\/ih\/wp-json\/wp\/v2\/media?parent=515"}],"wp:term":[{"taxonomy":"category","embeddable":true,"href":"https:\/\/us.edu.pl\/instytut\/ih\/wp-json\/wp\/v2\/categories?post=515"},{"taxonomy":"post_tag","embeddable":true,"href":"https:\/\/us.edu.pl\/instytut\/ih\/wp-json\/wp\/v2\/tags?post=515"}],"curies":[{"name":"wp","href":"https:\/\/api.w.org\/{rel}","templated":true}]}}