{"id":5391,"date":"2025-05-05T12:03:01","date_gmt":"2025-05-05T10:03:01","guid":{"rendered":"https:\/\/us.edu.pl\/instytut\/ih\/?p=5391"},"modified":"2025-05-05T12:03:01","modified_gmt":"2025-05-05T10:03:01","slug":"konferencja-naukowa-pt-tysiaclecie-suwerennosci-polski-z-udzialem-prof-dr-hab-jerzego-sperki-nagranie-obrad","status":"publish","type":"post","link":"https:\/\/us.edu.pl\/instytut\/ih\/2025\/05\/05\/konferencja-naukowa-pt-tysiaclecie-suwerennosci-polski-z-udzialem-prof-dr-hab-jerzego-sperki-nagranie-obrad\/","title":{"rendered":"Konferencja naukowa pt. &#8222;Tysi\u0105clecie suwerenno\u015bci Polski&#8221; z udzia\u0142em prof. dr. hab. Jerzego Sperki [nagranie obrad]"},"content":{"rendered":"<p>[vc_row][vc_column width=&#8221;2\/3&#8243;]\r\n                <div class=\"text-modules\">\r\n                    <div class=\"container\">\r\n                        \r\n                        <div class=\"text-modules__content\"><p>Dnia 25 kwietnia w krakowskich Sukiennicach odby\u0142a si\u0119 konferencja naukowa pn. <strong>&#8222;Tysi\u0105clecie suwerenno\u015bci Polski&#8221;<\/strong>. Jednym z prelegent\u00f3w by\u0142 dyrektor naszego Instytutu <strong>prof. dr hab. Jerzy Sperka. <\/strong><\/p>\n<p>Pe\u0142ny zapis obrad dost\u0119pny jest poni\u017cej:<\/p>\n<\/div>\r\n                    <\/div>\r\n                <\/div>[\/vc_column][vc_column width=&#8221;1\/3&#8243;][\/vc_column][\/vc_row][vc_row][vc_column width=&#8221;2\/3&#8243;][vc_video link=&#8221;https:\/\/www.youtube.com\/watch?v=Ds5JfNeI1vY&amp;ab_channel=TelewizjaMa%C5%82opolska&#8221; el_width=&#8221;60&#8243;][\/vc_column][vc_column width=&#8221;1\/3&#8243;][\/vc_column][\/vc_row]<\/p>","protected":false},"excerpt":{"rendered":"<p>[vc_row][vc_column width=&#8221;2\/3&#8243;][\/vc_column][vc_column width=&#8221;1\/3&#8243;][\/vc_column][\/vc_row][vc_row][vc_column width=&#8221;2\/3&#8243;][vc_video link=&#8221;https:\/\/www.youtube.com\/watch?v=Ds5JfNeI1vY&amp;ab_channel=TelewizjaMa%C5%82opolska&#8221; el_width=&#8221;60&#8243;][\/vc_column][vc_column width=&#8221;1\/3&#8243;][\/vc_column][\/vc_row] [&#8230;]<\/p>\n<p><a class=\"btn btn-secondary understrap-read-more-link\" href=\"https:\/\/us.edu.pl\/instytut\/ih\/2025\/05\/05\/konferencja-naukowa-pt-tysiaclecie-suwerennosci-polski-z-udzialem-prof-dr-hab-jerzego-sperki-nagranie-obrad\/\">Read More&#8230;<\/a><\/p>\n","protected":false},"author":2490,"featured_media":5395,"comment_status":"open","ping_status":"open","sticky":false,"template":"","format":"standard","meta":{"_expiration-date-status":"","_expiration-date":0,"_expiration-date-type":"","_expiration-date-categories":[],"_expiration-date-options":[]},"categories":[11],"tags":[],"acf":[],"_links":{"self":[{"href":"https:\/\/us.edu.pl\/instytut\/ih\/wp-json\/wp\/v2\/posts\/5391"}],"collection":[{"href":"https:\/\/us.edu.pl\/instytut\/ih\/wp-json\/wp\/v2\/posts"}],"about":[{"href":"https:\/\/us.edu.pl\/instytut\/ih\/wp-json\/wp\/v2\/types\/post"}],"author":[{"embeddable":true,"href":"https:\/\/us.edu.pl\/instytut\/ih\/wp-json\/wp\/v2\/users\/2490"}],"replies":[{"embeddable":true,"href":"https:\/\/us.edu.pl\/instytut\/ih\/wp-json\/wp\/v2\/comments?post=5391"}],"version-history":[{"count":1,"href":"https:\/\/us.edu.pl\/instytut\/ih\/wp-json\/wp\/v2\/posts\/5391\/revisions"}],"predecessor-version":[{"id":5398,"href":"https:\/\/us.edu.pl\/instytut\/ih\/wp-json\/wp\/v2\/posts\/5391\/revisions\/5398"}],"wp:featuredmedia":[{"embeddable":true,"href":"https:\/\/us.edu.pl\/instytut\/ih\/wp-json\/wp\/v2\/media\/5395"}],"wp:attachment":[{"href":"https:\/\/us.edu.pl\/instytut\/ih\/wp-json\/wp\/v2\/media?parent=5391"}],"wp:term":[{"taxonomy":"category","embeddable":true,"href":"https:\/\/us.edu.pl\/instytut\/ih\/wp-json\/wp\/v2\/categories?post=5391"},{"taxonomy":"post_tag","embeddable":true,"href":"https:\/\/us.edu.pl\/instytut\/ih\/wp-json\/wp\/v2\/tags?post=5391"}],"curies":[{"name":"wp","href":"https:\/\/api.w.org\/{rel}","templated":true}]}}