{"id":5923,"date":"2025-09-23T14:41:42","date_gmt":"2025-09-23T12:41:42","guid":{"rendered":"https:\/\/us.edu.pl\/instytut\/ih\/?p=5923"},"modified":"2025-09-23T14:41:42","modified_gmt":"2025-09-23T12:41:42","slug":"wyklad-dr-hab-jacka-szpaka-podczas-pikniku-historycznego-zorganizowanego-przez-biblioteke-miejska-w-czechowicach-dziedzicach","status":"publish","type":"post","link":"https:\/\/us.edu.pl\/instytut\/ih\/2025\/09\/23\/wyklad-dr-hab-jacka-szpaka-podczas-pikniku-historycznego-zorganizowanego-przez-biblioteke-miejska-w-czechowicach-dziedzicach\/","title":{"rendered":"Wyk\u0142ad dr. hab. Jacka Szpaka podczas pikniku historycznego zorganizowanego przez Bibliotek\u0119 Miejsk\u0105 w Czechowicach Dziedzicach"},"content":{"rendered":"<p>[vc_row][vc_column width=&#8221;2\/3&#8243;]\r\n                <div class=\"text-modules\">\r\n                    <div class=\"container\">\r\n                        \r\n                        <div class=\"text-modules__content\"><p>Dnia 13 wrze\u015bnia odby\u0142 si\u0119 ju\u017c kolejny piknik historyczny organizowany przez <strong>Bibliotek\u0119 Miejska w Czechowicach Dziedzicach<\/strong>. Spiritus movens tego wydarzenia by\u0142 nasz by\u0142y student &#8211; p. Kacper Perkowski. W czasie pikniku obok atrakcji w postaci \u015bredniowiecznych jad\u0142a i napitku, uzbrojenia i wyposa\u017cenia wojskowego z r\u00f3\u017cnych epok, zorganizowano r\u00f3wnie\u017c wyk\u0142ady o charakterze popularyzatorskim. <strong>Dr hab. Jacek Szpak<\/strong> wyg\u0142osi\u0142 prelekcj\u0119 na temat: Kawaleria polska 1921-1939. Organizacja, uzbrojenie i dzie\u0144 powszedni.<\/p>\n<\/div>\r\n                    <\/div>\r\n                <\/div>[\/vc_column][vc_column width=&#8221;1\/3&#8243;][\/vc_column][\/vc_row][vc_row][vc_column]            \r\n                    <div class=\"container\">\r\n                        <div class=\"gallery gallery_2\" data-images-in-row=\"2\">\r\n                            \r\n                            <div class=\"row m-0\">\r\n                                <a data-fancybox-group=\"button\" title=\"\" data-fancybox=\"8855\" href=\"https:\/\/us.edu.pl\/instytut\/ih\/wp-content\/uploads\/sites\/24\/Bez-kategorii\/1-195.jpg\" class=\"gallery__item thumbnail\"\r\n                                    style=\"background-image: url(https:\/\/us.edu.pl\/instytut\/ih\/wp-content\/uploads\/sites\/24\/Bez-kategorii\/1-195-1024x1024.jpg)\"> <span class=\"d-none\">https:\/\/us.edu.pl\/instytut\/ih\/wp-content\/uploads\/sites\/24\/Bez-kategorii\/1-195.jpg<\/span> <\/a><a data-fancybox-group=\"button\" title=\"\" data-fancybox=\"8855\" href=\"https:\/\/us.edu.pl\/instytut\/ih\/wp-content\/uploads\/sites\/24\/Bez-kategorii\/2-144.jpg\" class=\"gallery__item thumbnail\"\r\n                                    style=\"background-image: url(https:\/\/us.edu.pl\/instytut\/ih\/wp-content\/uploads\/sites\/24\/Bez-kategorii\/2-144-1024x1024.jpg)\"> <span class=\"d-none\">https:\/\/us.edu.pl\/instytut\/ih\/wp-content\/uploads\/sites\/24\/Bez-kategorii\/2-144.jpg<\/span> <\/a>\r\n                            <\/div>\r\n                    <\/div>\r\n                <\/div>[\/vc_column][\/vc_row]<\/p>","protected":false},"excerpt":{"rendered":"<p>[vc_row][vc_column width=&#8221;2\/3&#8243;][\/vc_column][vc_column width=&#8221;1\/3&#8243;][\/vc_column][\/vc_row][vc_row][vc_column][\/vc_column][\/vc_row] [&#8230;]<\/p>\n<p><a class=\"btn btn-secondary understrap-read-more-link\" href=\"https:\/\/us.edu.pl\/instytut\/ih\/2025\/09\/23\/wyklad-dr-hab-jacka-szpaka-podczas-pikniku-historycznego-zorganizowanego-przez-biblioteke-miejska-w-czechowicach-dziedzicach\/\">Read More&#8230;<\/a><\/p>\n","protected":false},"author":2490,"featured_media":5924,"comment_status":"open","ping_status":"open","sticky":false,"template":"","format":"standard","meta":{"_expiration-date-status":"","_expiration-date":0,"_expiration-date-type":"","_expiration-date-categories":[],"_expiration-date-options":[]},"categories":[11],"tags":[],"acf":[],"_links":{"self":[{"href":"https:\/\/us.edu.pl\/instytut\/ih\/wp-json\/wp\/v2\/posts\/5923"}],"collection":[{"href":"https:\/\/us.edu.pl\/instytut\/ih\/wp-json\/wp\/v2\/posts"}],"about":[{"href":"https:\/\/us.edu.pl\/instytut\/ih\/wp-json\/wp\/v2\/types\/post"}],"author":[{"embeddable":true,"href":"https:\/\/us.edu.pl\/instytut\/ih\/wp-json\/wp\/v2\/users\/2490"}],"replies":[{"embeddable":true,"href":"https:\/\/us.edu.pl\/instytut\/ih\/wp-json\/wp\/v2\/comments?post=5923"}],"version-history":[{"count":1,"href":"https:\/\/us.edu.pl\/instytut\/ih\/wp-json\/wp\/v2\/posts\/5923\/revisions"}],"predecessor-version":[{"id":5926,"href":"https:\/\/us.edu.pl\/instytut\/ih\/wp-json\/wp\/v2\/posts\/5923\/revisions\/5926"}],"wp:featuredmedia":[{"embeddable":true,"href":"https:\/\/us.edu.pl\/instytut\/ih\/wp-json\/wp\/v2\/media\/5924"}],"wp:attachment":[{"href":"https:\/\/us.edu.pl\/instytut\/ih\/wp-json\/wp\/v2\/media?parent=5923"}],"wp:term":[{"taxonomy":"category","embeddable":true,"href":"https:\/\/us.edu.pl\/instytut\/ih\/wp-json\/wp\/v2\/categories?post=5923"},{"taxonomy":"post_tag","embeddable":true,"href":"https:\/\/us.edu.pl\/instytut\/ih\/wp-json\/wp\/v2\/tags?post=5923"}],"curies":[{"name":"wp","href":"https:\/\/api.w.org\/{rel}","templated":true}]}}