{"id":6380,"date":"2026-04-27T14:26:11","date_gmt":"2026-04-27T12:26:11","guid":{"rendered":"https:\/\/us.edu.pl\/instytut\/ih\/?p=6380"},"modified":"2026-04-27T14:26:11","modified_gmt":"2026-04-27T12:26:11","slug":"dr-aleksandra-barwicka-makula-wyglosila-goscinny-wyklad-w-ii-lo-z-oddzialami-dwujezycznymi-im-g-morcinka-w-rudzie-slaskiej","status":"publish","type":"post","link":"https:\/\/us.edu.pl\/instytut\/ih\/2026\/04\/27\/dr-aleksandra-barwicka-makula-wyglosila-goscinny-wyklad-w-ii-lo-z-oddzialami-dwujezycznymi-im-g-morcinka-w-rudzie-slaskiej\/","title":{"rendered":"Dr Aleksandra Barwicka-Makula wyg\u0142osi\u0142a go\u015bcinny wyk\u0142ad w II LO z Oddzia\u0142ami Dwuj\u0119zycznymi im. G. Morcinka w Rudzie \u015al\u0105skiej"},"content":{"rendered":"<p>[vc_row][vc_column width=&#8221;2\/3&#8243;]\r\n                <div class=\"text-modules\">\r\n                    <div class=\"container\">\r\n                        \r\n                        <div class=\"text-modules__content\"><p>Dnia 20 kwietnia <strong>dr Aleksandra Barwicka-Makula<\/strong> go\u015bci\u0142a w II Liceum Og\u00f3lnokszta\u0142c\u0105ce z Oddzia\u0142ami Dwuj\u0119zycznymi im. G. Morcinka w Rudzie \u015al\u0105skiej, gdzie przybli\u017cy\u0142a uczniom zagadnienie <strong>&#8222;Dzieci\u0144stwa kr\u00f3lewien i kr\u00f3lewicz\u00f3w polskich w XVI i XVII w.&#8221;.<\/strong><\/p>\n<\/div>\r\n                    <\/div>\r\n                <\/div>[\/vc_column][vc_column width=&#8221;1\/3&#8243;][\/vc_column][\/vc_row][vc_row][vc_column width=&#8221;2\/3&#8243;]            \r\n                    <div class=\"container\">\r\n                        <div class=\"gallery gallery_2\" data-images-in-row=\"2\">\r\n                            \r\n                            <div class=\"row m-0\">\r\n                                <a data-fancybox-group=\"button\" title=\"\" data-fancybox=\"8021\" href=\"https:\/\/us.edu.pl\/instytut\/ih\/wp-content\/uploads\/sites\/24\/Bez-kategorii\/1-251.jpg\" class=\"gallery__item thumbnail\"\r\n                                    style=\"background-image: url(https:\/\/us.edu.pl\/instytut\/ih\/wp-content\/uploads\/sites\/24\/Bez-kategorii\/1-251-768x1024.jpg)\"> <span class=\"d-none\">https:\/\/us.edu.pl\/instytut\/ih\/wp-content\/uploads\/sites\/24\/Bez-kategorii\/1-251.jpg<\/span> <\/a><a data-fancybox-group=\"button\" title=\"\" data-fancybox=\"8021\" href=\"https:\/\/us.edu.pl\/instytut\/ih\/wp-content\/uploads\/sites\/24\/Bez-kategorii\/2-175.jpg\" class=\"gallery__item thumbnail\"\r\n                                    style=\"background-image: url(https:\/\/us.edu.pl\/instytut\/ih\/wp-content\/uploads\/sites\/24\/Bez-kategorii\/2-175-768x1024.jpg)\"> <span class=\"d-none\">https:\/\/us.edu.pl\/instytut\/ih\/wp-content\/uploads\/sites\/24\/Bez-kategorii\/2-175.jpg<\/span> <\/a>\r\n                            <\/div>\r\n                    <\/div>\r\n                <\/div>[\/vc_column][vc_column width=&#8221;1\/3&#8243;][\/vc_column][\/vc_row]<\/p>","protected":false},"excerpt":{"rendered":"<p>[vc_row][vc_column width=&#8221;2\/3&#8243;][\/vc_column][vc_column width=&#8221;1\/3&#8243;][\/vc_column][\/vc_row][vc_row][vc_column width=&#8221;2\/3&#8243;][\/vc_column][vc_column width=&#8221;1\/3&#8243;][\/vc_column][\/vc_row] [&#8230;]<\/p>\n<p><a class=\"btn btn-secondary understrap-read-more-link\" href=\"https:\/\/us.edu.pl\/instytut\/ih\/2026\/04\/27\/dr-aleksandra-barwicka-makula-wyglosila-goscinny-wyklad-w-ii-lo-z-oddzialami-dwujezycznymi-im-g-morcinka-w-rudzie-slaskiej\/\">Read More&#8230;<\/a><\/p>\n","protected":false},"author":2490,"featured_media":6381,"comment_status":"open","ping_status":"open","sticky":false,"template":"","format":"standard","meta":{"_expiration-date-status":"","_expiration-date":0,"_expiration-date-type":"","_expiration-date-categories":[],"_expiration-date-options":[]},"categories":[11],"tags":[],"acf":[],"_links":{"self":[{"href":"https:\/\/us.edu.pl\/instytut\/ih\/wp-json\/wp\/v2\/posts\/6380"}],"collection":[{"href":"https:\/\/us.edu.pl\/instytut\/ih\/wp-json\/wp\/v2\/posts"}],"about":[{"href":"https:\/\/us.edu.pl\/instytut\/ih\/wp-json\/wp\/v2\/types\/post"}],"author":[{"embeddable":true,"href":"https:\/\/us.edu.pl\/instytut\/ih\/wp-json\/wp\/v2\/users\/2490"}],"replies":[{"embeddable":true,"href":"https:\/\/us.edu.pl\/instytut\/ih\/wp-json\/wp\/v2\/comments?post=6380"}],"version-history":[{"count":1,"href":"https:\/\/us.edu.pl\/instytut\/ih\/wp-json\/wp\/v2\/posts\/6380\/revisions"}],"predecessor-version":[{"id":6383,"href":"https:\/\/us.edu.pl\/instytut\/ih\/wp-json\/wp\/v2\/posts\/6380\/revisions\/6383"}],"wp:featuredmedia":[{"embeddable":true,"href":"https:\/\/us.edu.pl\/instytut\/ih\/wp-json\/wp\/v2\/media\/6381"}],"wp:attachment":[{"href":"https:\/\/us.edu.pl\/instytut\/ih\/wp-json\/wp\/v2\/media?parent=6380"}],"wp:term":[{"taxonomy":"category","embeddable":true,"href":"https:\/\/us.edu.pl\/instytut\/ih\/wp-json\/wp\/v2\/categories?post=6380"},{"taxonomy":"post_tag","embeddable":true,"href":"https:\/\/us.edu.pl\/instytut\/ih\/wp-json\/wp\/v2\/tags?post=6380"}],"curies":[{"name":"wp","href":"https:\/\/api.w.org\/{rel}","templated":true}]}}