{"id":6384,"date":"2026-04-27T14:30:29","date_gmt":"2026-04-27T12:30:29","guid":{"rendered":"https:\/\/us.edu.pl\/instytut\/ih\/?p=6384"},"modified":"2026-04-27T14:30:29","modified_gmt":"2026-04-27T12:30:29","slug":"dr-katarzyna-wilczok-i-dr-maciej-wozny-goscili-z-wykladami-w-ii-lo-z-oddzialami-integracyjnymi-im-c-k-norwida","status":"publish","type":"post","link":"https:\/\/us.edu.pl\/instytut\/ih\/2026\/04\/27\/dr-katarzyna-wilczok-i-dr-maciej-wozny-goscili-z-wykladami-w-ii-lo-z-oddzialami-integracyjnymi-im-c-k-norwida\/","title":{"rendered":"Dr Katarzyna Wilczok i dr Maciej Wo\u017any go\u015bcili z wyk\u0142adami w II LO z Oddzia\u0142ami Integracyjnymi im. C. K. Norwida"},"content":{"rendered":"<p>[vc_row][vc_column width=&#8221;2\/3&#8243;]\r\n                <div class=\"text-modules\">\r\n                    <div class=\"container\">\r\n                        \r\n                        <div class=\"text-modules__content\"><\/p>\n<div dir=\"auto\">Dnia 20 kwietnia <strong>dr Maciej Wo\u017any<\/strong> oraz <strong>dr Katarzyna Wilczok<\/strong> go\u015bcili w <span class=\"html-span xdj266r x14z9mp xat24cr x1lziwak xexx8yu xyri2b x18d9i69 x1c1uobl x1hl2dhg x16tdsg8 x1vvkbs\"><span class=\"xt0psk2\"><span class=\"xjp7ctv\">II Liceum Og\u00f3lnokszta\u0142c\u0105cym z Oddzia\u0142ami Integracyjnymi im. C. K. Norwida<\/span><\/span><\/span>, gdzie przybli\u017cyli licznie zebranej spo\u0142eczno\u015bci szkolnej okoliczno\u015bci przyj\u0119cia chrztu przez Mieszka I oraz obchod\u00f3w milenijnych z 1966 roku.<\/div>\n<p>\n<\/div>\r\n                    <\/div>\r\n                <\/div>[\/vc_column][vc_column width=&#8221;1\/3&#8243;][\/vc_column][\/vc_row][vc_row][vc_column width=&#8221;2\/3&#8243;]            \r\n                    <div class=\"container\">\r\n                        <div class=\"gallery gallery_4\" data-images-in-row=\"4\">\r\n                            \r\n                            <div class=\"row m-0\">\r\n                                <a data-fancybox-group=\"button\" title=\"\" data-fancybox=\"5776\" href=\"https:\/\/us.edu.pl\/instytut\/ih\/wp-content\/uploads\/sites\/24\/Bez-kategorii\/1-252.jpg\" class=\"gallery__item thumbnail\"\r\n                                    style=\"background-image: url(https:\/\/us.edu.pl\/instytut\/ih\/wp-content\/uploads\/sites\/24\/Bez-kategorii\/1-252-1024x1022.jpg)\"> <span class=\"d-none\">https:\/\/us.edu.pl\/instytut\/ih\/wp-content\/uploads\/sites\/24\/Bez-kategorii\/1-252.jpg<\/span> <\/a><a data-fancybox-group=\"button\" title=\"\" data-fancybox=\"5776\" href=\"https:\/\/us.edu.pl\/instytut\/ih\/wp-content\/uploads\/sites\/24\/Bez-kategorii\/2-176.jpg\" class=\"gallery__item thumbnail\"\r\n                                    style=\"background-image: url(https:\/\/us.edu.pl\/instytut\/ih\/wp-content\/uploads\/sites\/24\/Bez-kategorii\/2-176.jpg)\"> <span class=\"d-none\">https:\/\/us.edu.pl\/instytut\/ih\/wp-content\/uploads\/sites\/24\/Bez-kategorii\/2-176.jpg<\/span> <\/a><a data-fancybox-group=\"button\" title=\"\" data-fancybox=\"5776\" href=\"https:\/\/us.edu.pl\/instytut\/ih\/wp-content\/uploads\/sites\/24\/Bez-kategorii\/3-136.jpg\" class=\"gallery__item thumbnail\"\r\n                                    style=\"background-image: url(https:\/\/us.edu.pl\/instytut\/ih\/wp-content\/uploads\/sites\/24\/Bez-kategorii\/3-136-1024x1024.jpg)\"> <span class=\"d-none\">https:\/\/us.edu.pl\/instytut\/ih\/wp-content\/uploads\/sites\/24\/Bez-kategorii\/3-136.jpg<\/span> <\/a>\r\n                            <\/div>\r\n                    <\/div>\r\n                <\/div>[\/vc_column][vc_column width=&#8221;1\/3&#8243;][\/vc_column][\/vc_row]<\/p>","protected":false},"excerpt":{"rendered":"<p>[vc_row][vc_column width=&#8221;2\/3&#8243;][\/vc_column][vc_column width=&#8221;1\/3&#8243;][\/vc_column][\/vc_row][vc_row][vc_column width=&#8221;2\/3&#8243;][\/vc_column][vc_column width=&#8221;1\/3&#8243;][\/vc_column][\/vc_row] [&#8230;]<\/p>\n<p><a class=\"btn btn-secondary understrap-read-more-link\" href=\"https:\/\/us.edu.pl\/instytut\/ih\/2026\/04\/27\/dr-katarzyna-wilczok-i-dr-maciej-wozny-goscili-z-wykladami-w-ii-lo-z-oddzialami-integracyjnymi-im-c-k-norwida\/\">Read More&#8230;<\/a><\/p>\n","protected":false},"author":2490,"featured_media":6387,"comment_status":"open","ping_status":"open","sticky":false,"template":"","format":"standard","meta":{"_expiration-date-status":"","_expiration-date":0,"_expiration-date-type":"","_expiration-date-categories":[],"_expiration-date-options":[]},"categories":[11],"tags":[],"acf":[],"_links":{"self":[{"href":"https:\/\/us.edu.pl\/instytut\/ih\/wp-json\/wp\/v2\/posts\/6384"}],"collection":[{"href":"https:\/\/us.edu.pl\/instytut\/ih\/wp-json\/wp\/v2\/posts"}],"about":[{"href":"https:\/\/us.edu.pl\/instytut\/ih\/wp-json\/wp\/v2\/types\/post"}],"author":[{"embeddable":true,"href":"https:\/\/us.edu.pl\/instytut\/ih\/wp-json\/wp\/v2\/users\/2490"}],"replies":[{"embeddable":true,"href":"https:\/\/us.edu.pl\/instytut\/ih\/wp-json\/wp\/v2\/comments?post=6384"}],"version-history":[{"count":1,"href":"https:\/\/us.edu.pl\/instytut\/ih\/wp-json\/wp\/v2\/posts\/6384\/revisions"}],"predecessor-version":[{"id":6388,"href":"https:\/\/us.edu.pl\/instytut\/ih\/wp-json\/wp\/v2\/posts\/6384\/revisions\/6388"}],"wp:featuredmedia":[{"embeddable":true,"href":"https:\/\/us.edu.pl\/instytut\/ih\/wp-json\/wp\/v2\/media\/6387"}],"wp:attachment":[{"href":"https:\/\/us.edu.pl\/instytut\/ih\/wp-json\/wp\/v2\/media?parent=6384"}],"wp:term":[{"taxonomy":"category","embeddable":true,"href":"https:\/\/us.edu.pl\/instytut\/ih\/wp-json\/wp\/v2\/categories?post=6384"},{"taxonomy":"post_tag","embeddable":true,"href":"https:\/\/us.edu.pl\/instytut\/ih\/wp-json\/wp\/v2\/tags?post=6384"}],"curies":[{"name":"wp","href":"https:\/\/api.w.org\/{rel}","templated":true}]}}