{"id":6389,"date":"2026-04-28T15:31:20","date_gmt":"2026-04-28T13:31:20","guid":{"rendered":"https:\/\/us.edu.pl\/instytut\/ih\/?p=6389"},"modified":"2026-04-28T15:31:20","modified_gmt":"2026-04-28T13:31:20","slug":"dr-katarzyna-niemczyk-wisniewska-uzyskala-stopien-naukowy-doktora-habilitowanego","status":"publish","type":"post","link":"https:\/\/us.edu.pl\/instytut\/ih\/2026\/04\/28\/dr-katarzyna-niemczyk-wisniewska-uzyskala-stopien-naukowy-doktora-habilitowanego\/","title":{"rendered":"Dr Katarzyna Niemczyk-Wi\u015bniewska uzyska\u0142a stopie\u0144 naukowy doktora habilitowanego"},"content":{"rendered":"<p>[vc_row][vc_column width=&#8221;2\/3&#8243;]\r\n                <div class=\"text-modules\">\r\n                    <div class=\"container\">\r\n                        \r\n                        <div class=\"text-modules__content\"><p>Niezmiernie mi\u0142o nam poinformowa\u0107, \u017ce uchwa\u0142\u0105 Rady Naukowej naszego Instytutu <strong>dr Katarzyna Niemczyk-Wi\u015bniewska<\/strong> uzyska\u0142a stopie\u0144 naukowy <strong>doktora habilitowanego<\/strong> w dziedzinie nauk humanistycznych w dyscyplinie historia. Serdecznie gratulujemy!<\/p>\n<\/div>\r\n                    <\/div>\r\n                <\/div>[\/vc_column][vc_column width=&#8221;1\/3&#8243;]\r\n                <div class=\"text-modules\">\r\n                    <div class=\"container\">\r\n                        \r\n                        <div class=\"text-modules__content\"><p><img class=\"alignnone size-medium wp-image-6390\" src=\"https:\/\/us.edu.pl\/instytut\/ih\/wp-content\/uploads\/sites\/24\/Bez-kategorii\/681390049_1642817860963582_9156662303707999053_n-300x300.jpg\" alt=\"Katarzyna Niemczyk-Wi\u015bniewska\" width=\"300\" height=\"300\" srcset=\"https:\/\/us.edu.pl\/instytut\/ih\/wp-content\/uploads\/sites\/24\/Bez-kategorii\/681390049_1642817860963582_9156662303707999053_n-300x300.jpg 300w, https:\/\/us.edu.pl\/instytut\/ih\/wp-content\/uploads\/sites\/24\/Bez-kategorii\/681390049_1642817860963582_9156662303707999053_n-150x150.jpg 150w, https:\/\/us.edu.pl\/instytut\/ih\/wp-content\/uploads\/sites\/24\/Bez-kategorii\/681390049_1642817860963582_9156662303707999053_n-575x575.jpg 575w, https:\/\/us.edu.pl\/instytut\/ih\/wp-content\/uploads\/sites\/24\/Bez-kategorii\/681390049_1642817860963582_9156662303707999053_n.jpg 683w\" sizes=\"(max-width: 300px) 100vw, 300px\" \/><\/p>\n<\/div>\r\n                    <\/div>\r\n                <\/div>[\/vc_column][\/vc_row]<\/p>","protected":false},"excerpt":{"rendered":"<p>[vc_row][vc_column width=&#8221;2\/3&#8243;][\/vc_column][vc_column width=&#8221;1\/3&#8243;][\/vc_column][\/vc_row] [&#8230;]<\/p>\n<p><a class=\"btn btn-secondary understrap-read-more-link\" href=\"https:\/\/us.edu.pl\/instytut\/ih\/2026\/04\/28\/dr-katarzyna-niemczyk-wisniewska-uzyskala-stopien-naukowy-doktora-habilitowanego\/\">Read More&#8230;<\/a><\/p>\n","protected":false},"author":2490,"featured_media":6390,"comment_status":"open","ping_status":"open","sticky":false,"template":"","format":"standard","meta":{"_expiration-date-status":"","_expiration-date":0,"_expiration-date-type":"","_expiration-date-categories":[],"_expiration-date-options":[]},"categories":[11],"tags":[],"acf":[],"_links":{"self":[{"href":"https:\/\/us.edu.pl\/instytut\/ih\/wp-json\/wp\/v2\/posts\/6389"}],"collection":[{"href":"https:\/\/us.edu.pl\/instytut\/ih\/wp-json\/wp\/v2\/posts"}],"about":[{"href":"https:\/\/us.edu.pl\/instytut\/ih\/wp-json\/wp\/v2\/types\/post"}],"author":[{"embeddable":true,"href":"https:\/\/us.edu.pl\/instytut\/ih\/wp-json\/wp\/v2\/users\/2490"}],"replies":[{"embeddable":true,"href":"https:\/\/us.edu.pl\/instytut\/ih\/wp-json\/wp\/v2\/comments?post=6389"}],"version-history":[{"count":1,"href":"https:\/\/us.edu.pl\/instytut\/ih\/wp-json\/wp\/v2\/posts\/6389\/revisions"}],"predecessor-version":[{"id":6391,"href":"https:\/\/us.edu.pl\/instytut\/ih\/wp-json\/wp\/v2\/posts\/6389\/revisions\/6391"}],"wp:featuredmedia":[{"embeddable":true,"href":"https:\/\/us.edu.pl\/instytut\/ih\/wp-json\/wp\/v2\/media\/6390"}],"wp:attachment":[{"href":"https:\/\/us.edu.pl\/instytut\/ih\/wp-json\/wp\/v2\/media?parent=6389"}],"wp:term":[{"taxonomy":"category","embeddable":true,"href":"https:\/\/us.edu.pl\/instytut\/ih\/wp-json\/wp\/v2\/categories?post=6389"},{"taxonomy":"post_tag","embeddable":true,"href":"https:\/\/us.edu.pl\/instytut\/ih\/wp-json\/wp\/v2\/tags?post=6389"}],"curies":[{"name":"wp","href":"https:\/\/api.w.org\/{rel}","templated":true}]}}