{"id":6537,"date":"2026-06-26T15:49:36","date_gmt":"2026-06-26T13:49:36","guid":{"rendered":"https:\/\/us.edu.pl\/instytut\/ih\/?p=6537"},"modified":"2026-06-26T15:49:36","modified_gmt":"2026-06-26T13:49:36","slug":"dr-pavel-ablamski-zostal-laureatem-nagrody-im-juliusza-bardacha-powolanej-przez-instytut-wielkiego-ksiestwa-litewskiego","status":"publish","type":"post","link":"https:\/\/us.edu.pl\/instytut\/ih\/2026\/06\/26\/dr-pavel-ablamski-zostal-laureatem-nagrody-im-juliusza-bardacha-powolanej-przez-instytut-wielkiego-ksiestwa-litewskiego\/","title":{"rendered":"dr Pavel Ablamski zosta\u0142 laureatem nagrody im. Juliusza Bardacha powo\u0142anej przez Instytut Wielkiego Ksi\u0119stwa Litewskiego"},"content":{"rendered":"<p>[vc_row][vc_column width=&#8221;2\/3&#8243;]\r\n                <div class=\"text-modules\">\r\n                    <div class=\"container\">\r\n                        \r\n                        <div class=\"text-modules__content\"><\/p>\n<div class=\"xdj266r x14z9mp xat24cr x1lziwak x1vvkbs x126k92a\">\n<div dir=\"auto\">W dniu 19 czerwca w Ambasadzie Rzeczypospolitej Polskiej w Wilnie odby\u0142o si\u0119 wr\u0119czenie powo\u0142anej przez Instytut Wielkiego Ksi\u0119stwa Litewskiego<strong> Nagrody im. Juliusza Bardacha<\/strong>. W\u015br\u00f3d laureat\u00f3w tegorocznej edycji znalaz\u0142 si\u0119 nasz pracownik <strong>dr Pavel Ablamski<\/strong>, kt\u00f3remu serdecznie gratulujemy.<\/div>\n<div dir=\"auto\"><\/div>\n<\/div>\n<div class=\"x14z9mp xat24cr x1lziwak x1vvkbs xtlvy1s x126k92a\">\n<div dir=\"auto\">Nagroda upami\u0119tnia wybitnego historyka prawa prof. Juliusza Bardacha i przyznawana jest za najlepsze prace doktorskie po\u015bwi\u0119cone dziejom Wielkiego Ksi\u0119stwa Litewskiego oraz spu\u015bci\u017anie historycznej dawnej Rzeczypospolitej. Jej celem jest wspieranie m\u0142odych badaczy oraz popularyzacja bada\u0144 nad histori\u0105 Europy \u015arodkowo-Wschodniej.<\/div>\n<div dir=\"auto\">Uroczysto\u015bci towarzyszy\u0142a dyskusja pt. <strong>\u201eTo\u017csamo\u015bci Wielkiego Ksi\u0119stwa Litewskiego. Od Polesia po Kowno\u201d<\/strong> z cyklu \u201eKolokwia Warszawsko\u2013Wile\u0144skie\u201d.<\/div>\n<\/div>\n<p>\n<\/div>\r\n                    <\/div>\r\n                <\/div>[\/vc_column][vc_column width=&#8221;1\/3&#8243;][\/vc_column][\/vc_row][vc_row][vc_column width=&#8221;2\/3&#8243;]            \r\n                    <div class=\"container\">\r\n                        <div class=\"gallery gallery_2\" data-images-in-row=\"2\">\r\n                            \r\n                            <div class=\"row m-0\">\r\n                                <a data-fancybox-group=\"button\" title=\"\" data-fancybox=\"9832\" href=\"https:\/\/us.edu.pl\/instytut\/ih\/wp-content\/uploads\/sites\/24\/Bez-kategorii\/1-269.jpg\" class=\"gallery__item thumbnail\"\r\n                                    style=\"background-image: url(https:\/\/us.edu.pl\/instytut\/ih\/wp-content\/uploads\/sites\/24\/Bez-kategorii\/1-269-1024x683.jpg)\"> <span class=\"d-none\">https:\/\/us.edu.pl\/instytut\/ih\/wp-content\/uploads\/sites\/24\/Bez-kategorii\/1-269.jpg<\/span> <\/a><a data-fancybox-group=\"button\" title=\"\" data-fancybox=\"9832\" href=\"https:\/\/us.edu.pl\/instytut\/ih\/wp-content\/uploads\/sites\/24\/Bez-kategorii\/2-187.jpg\" class=\"gallery__item thumbnail\"\r\n                                    style=\"background-image: url(https:\/\/us.edu.pl\/instytut\/ih\/wp-content\/uploads\/sites\/24\/Bez-kategorii\/2-187-1024x683.jpg)\"> <span class=\"d-none\">https:\/\/us.edu.pl\/instytut\/ih\/wp-content\/uploads\/sites\/24\/Bez-kategorii\/2-187.jpg<\/span> <\/a>\r\n                            <\/div>\r\n                    <\/div>\r\n                <\/div>[\/vc_column][vc_column width=&#8221;1\/3&#8243;][\/vc_column][\/vc_row]<\/p>","protected":false},"excerpt":{"rendered":"<p>[vc_row][vc_column width=&#8221;2\/3&#8243;][\/vc_column][vc_column width=&#8221;1\/3&#8243;][\/vc_column][\/vc_row][vc_row][vc_column width=&#8221;2\/3&#8243;][\/vc_column][vc_column width=&#8221;1\/3&#8243;][\/vc_column][\/vc_row] [&#8230;]<\/p>\n<p><a class=\"btn btn-secondary understrap-read-more-link\" href=\"https:\/\/us.edu.pl\/instytut\/ih\/2026\/06\/26\/dr-pavel-ablamski-zostal-laureatem-nagrody-im-juliusza-bardacha-powolanej-przez-instytut-wielkiego-ksiestwa-litewskiego\/\">Read More&#8230;<\/a><\/p>\n","protected":false},"author":2490,"featured_media":6538,"comment_status":"open","ping_status":"open","sticky":false,"template":"","format":"standard","meta":{"_expiration-date-status":"","_expiration-date":0,"_expiration-date-type":"","_expiration-date-categories":[],"_expiration-date-options":[]},"categories":[11],"tags":[],"acf":[],"_links":{"self":[{"href":"https:\/\/us.edu.pl\/instytut\/ih\/wp-json\/wp\/v2\/posts\/6537"}],"collection":[{"href":"https:\/\/us.edu.pl\/instytut\/ih\/wp-json\/wp\/v2\/posts"}],"about":[{"href":"https:\/\/us.edu.pl\/instytut\/ih\/wp-json\/wp\/v2\/types\/post"}],"author":[{"embeddable":true,"href":"https:\/\/us.edu.pl\/instytut\/ih\/wp-json\/wp\/v2\/users\/2490"}],"replies":[{"embeddable":true,"href":"https:\/\/us.edu.pl\/instytut\/ih\/wp-json\/wp\/v2\/comments?post=6537"}],"version-history":[{"count":1,"href":"https:\/\/us.edu.pl\/instytut\/ih\/wp-json\/wp\/v2\/posts\/6537\/revisions"}],"predecessor-version":[{"id":6540,"href":"https:\/\/us.edu.pl\/instytut\/ih\/wp-json\/wp\/v2\/posts\/6537\/revisions\/6540"}],"wp:featuredmedia":[{"embeddable":true,"href":"https:\/\/us.edu.pl\/instytut\/ih\/wp-json\/wp\/v2\/media\/6538"}],"wp:attachment":[{"href":"https:\/\/us.edu.pl\/instytut\/ih\/wp-json\/wp\/v2\/media?parent=6537"}],"wp:term":[{"taxonomy":"category","embeddable":true,"href":"https:\/\/us.edu.pl\/instytut\/ih\/wp-json\/wp\/v2\/categories?post=6537"},{"taxonomy":"post_tag","embeddable":true,"href":"https:\/\/us.edu.pl\/instytut\/ih\/wp-json\/wp\/v2\/tags?post=6537"}],"curies":[{"name":"wp","href":"https:\/\/api.w.org\/{rel}","templated":true}]}}