{"id":1765,"date":"2026-06-25T23:06:41","date_gmt":"2026-06-25T21:06:41","guid":{"rendered":"https:\/\/us.edu.pl\/instytut\/ii\/?p=1765"},"modified":"2026-06-25T23:06:41","modified_gmt":"2026-06-25T21:06:41","slug":"prof-dr-hab-michal-baczynski-czlonkiem-rady-naukowej-pti-na-kadencje-2026-2029","status":"publish","type":"post","link":"https:\/\/us.edu.pl\/instytut\/ii\/2026\/06\/25\/prof-dr-hab-michal-baczynski-czlonkiem-rady-naukowej-pti-na-kadencje-2026-2029\/","title":{"rendered":"Prof. dr hab. Micha\u0142 Baczy\u0144ski cz\u0142onkiem Rady Naukowej PTI na kadencj\u0119 2026-2029"},"content":{"rendered":"<p>Z przyjemno\u015bci\u0105 informujemy, \u017ce podczas XV Zjazdu Delegat\u00f3w Polskiego Towarzystwa Informatycznego (PTI), kt\u00f3ry odby\u0142 si\u0119 20 czerwca 2026 r. w murach Politechniki Warszawskiej, prof. dr hab. Micha\u0142 Baczy\u0144ski zosta\u0142 wybrany po raz drugi z rz\u0119du do sk\u0142adu Rady Naukowej PTI na kadencj\u0119 2026-2029.<\/p>\n<p>Polskie Towarzystwo Informatyczne to najstarsza w Polsce organizacja zrzeszaj\u0105ca profesjonalist\u00f3w z bran\u017cy IT (wi\u0119cej informacji: <a href=\"https:\/\/pti.org.pl\/\" target=\"_blank\" rel=\"noopener noreferrer\" data-saferedirecturl=\"https:\/\/www.google.com\/url?q=https:\/\/pti.org.pl\/&amp;source=gmail&amp;ust=1782507671311000&amp;usg=AOvVaw2XV1CGhUpcGJF8AraP6CLl\">https:\/\/pti.org.pl\/<\/a>).<\/p>\n<p>Profesor Micha\u0142 Baczy\u0144ski jest pracownikiem Wydzia\u0142u Nauk \u015acis\u0142ych i Technicznych Uniwersytetu \u015al\u0105skiego w Katowicach oraz wiceprezesem Oddzia\u0142u G\u00f3rno\u015bl\u0105skiego PTI. Jest uznanym specjalist\u0105 w zakresie matematyki stosowanej, teorii zbior\u00f3w rozmytych, logik wielowarto\u015bciowych oraz metod inteligencji obliczeniowej. Jego dorobek naukowy obejmuje liczne publikacje w renomowanych czasopismach mi\u0119dzynarodowych oraz monografie, kt\u00f3re wnios\u0142y istotny wk\u0142ad w rozw\u00f3j wsp\u00f3\u0142czesnej matematyki i jej zastosowa\u0144 w informatyce.<\/p>\n<p>Wyb\u00f3r do Rady Naukowej PTI jest wyrazem uznania dla dotychczasowych osi\u0105gni\u0119\u0107 naukowych Profesora oraz jego dzia\u0142alno\u015bci na rzecz rozwoju polskiej nauki. Jego wiedza i do\u015bwiadczenie b\u0119d\u0105 cennym wsparciem dla prac Rady Naukowej PTI oraz inicjatyw s\u0142u\u017c\u0105cych rozwojowi informatyki i zacie\u015bnianiu wsp\u00f3\u0142pracy \u015brodowiska akademickiego z praktyk\u0105.<\/p>\n<p>Serdecznie gratulujemy Panu Profesorowi wyboru do Rady Naukowej PTI i \u017cyczymy wielu sukces\u00f3w w realizacji zada\u0144 w trakcie kadencji 2026\u20132029.<span style=\"color: #888888;\"><br \/>\n<\/span><\/p>","protected":false},"excerpt":{"rendered":"<p>Z przyjemno\u015bci\u0105 informujemy, \u017ce podczas XV Zjazdu Delegat\u00f3w Polskiego Towarzystwa Informatycznego (PTI), kt\u00f3ry odby\u0142 si\u0119 20 czerwca 2026 r. w murach Politechniki Warszawskiej, prof. dr hab. Micha\u0142 Baczy\u0144ski zosta\u0142 wybrany po raz drugi z rz\u0119du do sk\u0142adu Rady Naukowej PTI na kadencj\u0119 2026-2029. Polskie Towarzystwo Informatyczne to najstarsza w Polsce organizacja zrzeszaj\u0105ca profesjonalist\u00f3w z bran\u017cy [&#8230;]<\/p>\n<p><a class=\"btn btn-secondary understrap-read-more-link\" href=\"https:\/\/us.edu.pl\/instytut\/ii\/2026\/06\/25\/prof-dr-hab-michal-baczynski-czlonkiem-rady-naukowej-pti-na-kadencje-2026-2029\/\">Read More&#8230;<\/a><\/p>\n","protected":false},"author":5691,"featured_media":1766,"comment_status":"open","ping_status":"open","sticky":false,"template":"","format":"standard","meta":{"_expiration-date-status":"","_expiration-date":0,"_expiration-date-type":"","_expiration-date-categories":[],"_expiration-date-options":[]},"categories":[8],"tags":[],"acf":[],"_links":{"self":[{"href":"https:\/\/us.edu.pl\/instytut\/ii\/wp-json\/wp\/v2\/posts\/1765"}],"collection":[{"href":"https:\/\/us.edu.pl\/instytut\/ii\/wp-json\/wp\/v2\/posts"}],"about":[{"href":"https:\/\/us.edu.pl\/instytut\/ii\/wp-json\/wp\/v2\/types\/post"}],"author":[{"embeddable":true,"href":"https:\/\/us.edu.pl\/instytut\/ii\/wp-json\/wp\/v2\/users\/5691"}],"replies":[{"embeddable":true,"href":"https:\/\/us.edu.pl\/instytut\/ii\/wp-json\/wp\/v2\/comments?post=1765"}],"version-history":[{"count":1,"href":"https:\/\/us.edu.pl\/instytut\/ii\/wp-json\/wp\/v2\/posts\/1765\/revisions"}],"predecessor-version":[{"id":1767,"href":"https:\/\/us.edu.pl\/instytut\/ii\/wp-json\/wp\/v2\/posts\/1765\/revisions\/1767"}],"wp:featuredmedia":[{"embeddable":true,"href":"https:\/\/us.edu.pl\/instytut\/ii\/wp-json\/wp\/v2\/media\/1766"}],"wp:attachment":[{"href":"https:\/\/us.edu.pl\/instytut\/ii\/wp-json\/wp\/v2\/media?parent=1765"}],"wp:term":[{"taxonomy":"category","embeddable":true,"href":"https:\/\/us.edu.pl\/instytut\/ii\/wp-json\/wp\/v2\/categories?post=1765"},{"taxonomy":"post_tag","embeddable":true,"href":"https:\/\/us.edu.pl\/instytut\/ii\/wp-json\/wp\/v2\/tags?post=1765"}],"curies":[{"name":"wp","href":"https:\/\/api.w.org\/{rel}","templated":true}]}}