{"id":2320,"date":"2023-12-20T08:52:43","date_gmt":"2023-12-20T07:52:43","guid":{"rendered":"https:\/\/us.edu.pl\/instytut\/iib\/?p=2320"},"modified":"2023-12-20T08:52:43","modified_gmt":"2023-12-20T07:52:43","slug":"dr-hab-a-swinarew-prof-us-z-nagroda-rektora-akademii-wychowania-fizycznego-im-j-kukuczki-w-katowicach","status":"publish","type":"post","link":"https:\/\/us.edu.pl\/instytut\/iib\/2023\/12\/20\/dr-hab-a-swinarew-prof-us-z-nagroda-rektora-akademii-wychowania-fizycznego-im-j-kukuczki-w-katowicach\/","title":{"rendered":"Dr hab. A. Swinarew, prof. U\u015a z nagrod\u0105 Rektora Akademii Wychowania Fizycznego im. J. Kukuczki w Katowicach"},"content":{"rendered":"<p>[vc_row][vc_column]\r\n                <div class=\"text-modules \">\r\n                    <div class=\"container\">\r\n                         \r\n                        <div class=\"row m-0\">\r\n                            <div class=\"text-modules__content\">\r\n                                <\/p>\n<p style=\"text-align: center;\">Niezmiernie mi\u0142o nam poinformowa\u0107, i\u017c dr hab. Andrzej Swinarew, prof. U\u015a otrzyma\u0142 z r\u0105k Rektora Akademii Wychowania Fizycznego im. Jerzego Kukuczki nagrod\u0119 indywidualn\u0105 I stopnia za osi\u0105gni\u0119cia naukowe.<\/p>\n<p style=\"text-align: center;\">Serdecznie gratulujemy i \u017cyczymy dalszych sukces\u00f3w!<\/p>\n<div class=\"mt-3\"><\/div>\r\n                            <\/div>\r\n                            \r\n                            <div class=\"text-modules__img\"><img src=\"https:\/\/us.edu.pl\/instytut\/iib\/wp-content\/uploads\/sites\/41\/Bez-kategorii\/nagroda-Andrzej-1024x724.jpg\" alt=\"img\"><\/div>\r\n                        <\/div>\r\n                    <\/div>\r\n                <\/div>[\/vc_column][\/vc_row]<\/p>","protected":false},"excerpt":{"rendered":"<p>[vc_row][vc_column][\/vc_column][\/vc_row] [&#8230;]<\/p>\n<p><a class=\"btn btn-secondary understrap-read-more-link\" href=\"https:\/\/us.edu.pl\/instytut\/iib\/2023\/12\/20\/dr-hab-a-swinarew-prof-us-z-nagroda-rektora-akademii-wychowania-fizycznego-im-j-kukuczki-w-katowicach\/\">Read More&#8230;<\/a><\/p>\n","protected":false},"author":128,"featured_media":2321,"comment_status":"closed","ping_status":"closed","sticky":false,"template":"","format":"standard","meta":{"_expiration-date-status":"","_expiration-date":0,"_expiration-date-type":"","_expiration-date-categories":[],"_expiration-date-options":[]},"categories":[10,8],"tags":[],"acf":[],"_links":{"self":[{"href":"https:\/\/us.edu.pl\/instytut\/iib\/wp-json\/wp\/v2\/posts\/2320"}],"collection":[{"href":"https:\/\/us.edu.pl\/instytut\/iib\/wp-json\/wp\/v2\/posts"}],"about":[{"href":"https:\/\/us.edu.pl\/instytut\/iib\/wp-json\/wp\/v2\/types\/post"}],"author":[{"embeddable":true,"href":"https:\/\/us.edu.pl\/instytut\/iib\/wp-json\/wp\/v2\/users\/128"}],"replies":[{"embeddable":true,"href":"https:\/\/us.edu.pl\/instytut\/iib\/wp-json\/wp\/v2\/comments?post=2320"}],"version-history":[{"count":2,"href":"https:\/\/us.edu.pl\/instytut\/iib\/wp-json\/wp\/v2\/posts\/2320\/revisions"}],"predecessor-version":[{"id":2323,"href":"https:\/\/us.edu.pl\/instytut\/iib\/wp-json\/wp\/v2\/posts\/2320\/revisions\/2323"}],"wp:featuredmedia":[{"embeddable":true,"href":"https:\/\/us.edu.pl\/instytut\/iib\/wp-json\/wp\/v2\/media\/2321"}],"wp:attachment":[{"href":"https:\/\/us.edu.pl\/instytut\/iib\/wp-json\/wp\/v2\/media?parent=2320"}],"wp:term":[{"taxonomy":"category","embeddable":true,"href":"https:\/\/us.edu.pl\/instytut\/iib\/wp-json\/wp\/v2\/categories?post=2320"},{"taxonomy":"post_tag","embeddable":true,"href":"https:\/\/us.edu.pl\/instytut\/iib\/wp-json\/wp\/v2\/tags?post=2320"}],"curies":[{"name":"wp","href":"https:\/\/api.w.org\/{rel}","templated":true}]}}