{"id":5829,"date":"2026-03-16T10:55:36","date_gmt":"2026-03-16T09:55:36","guid":{"rendered":"https:\/\/us.edu.pl\/instytut\/iib\/?p=5829"},"modified":"2026-03-16T11:35:24","modified_gmt":"2026-03-16T10:35:24","slug":"5829","status":"publish","type":"post","link":"https:\/\/us.edu.pl\/instytut\/iib\/2026\/03\/16\/5829\/","title":{"rendered":"Tydzie\u0144 M\u00f3zgu w Katowicach 2026"},"content":{"rendered":"<p>[vc_row][vc_column][vc_column_text][\/vc_column_text][\/vc_column][\/vc_row][vc_row][vc_column]\r\n                <div class=\"text-modules\">\r\n                    <div class=\"container\">\r\n                        \r\n                        <div class=\"text-modules__content\"><p><strong>Tydzie\u0144 M\u00f3zgu w Katowicach 2026<\/strong><\/p>\n<p>Od 16 do 20 marca 2026 roku na Uniwersytecie \u015al\u0105skim w Katowicach odbywa\u0107 b\u0119dzie si\u0119 Tydzie\u0144 M\u00f3zgu 2026 w Katowicach, w ramach \u015bwiatowego Brain Awareness Week. W ramach obchod\u00f3w tego naukowego \u015bwi\u0119ta, codziennie odb\u0119dzie si\u0119 popularnonaukowy wyk\u0142ad prowadzony przez eksperta, a w \u015brod\u0119 &#8211; dzie\u0144 studencki, podczas kt\u00f3rego osoby studiuj\u0105ce b\u0119d\u0105 prezentowa\u0142y swoje wyst\u0105pienia.<\/p>\n<p>Zapraszamy wszystkich, kt\u00f3rzy interesuj\u0105 si\u0119 neurobiologi\u0105, kognitywistyk\u0105, psychologi\u0105, filozofi\u0105 umys\u0142u, neuronauk\u0105, neuroin\u017cynieri\u0105, in\u017cynieri\u0105 biomedyczn\u0105, neurologi\u0105 oraz dziedzinami pokrewnymi.<\/p>\n<p>Wydarzenie odb\u0119dzie si\u0119 w SpinPLACE w Katowicach (ul. Bankowa 5, Cafe Operacyjna, parter). Zaczynamy zawsze o godz. 17.00.<\/p>\n<p>Program tegorocznego Tygodnia M\u00f3zgu:<\/p>\n<p>Poniedzia\u0142ek, 16 marca, 17.00:<br \/>\nDr Maciej Bo\u017cek, Prof. U\u015a, Wydzia\u0142 Nauk Spo\u0142ecznych, Uniwersytet \u015al\u0105ski w Katowicach, \u201eTw\u00f3j m\u00f3zg jako luka w zabezpieczeniach &#8211; dlaczego zdradzamy sekrety i dajemy si\u0119 oszuka\u0107&#8221;,<\/p>\n<p>Wtorek, 17 marca, 17:00:<br \/>\nMgr Natalia Dziura, Wydzia\u0142 Nauk Spo\u0142ecznych, Uniwersytet \u015al\u0105ski w Katowicach, &#8222;Wytrenowany m\u00f3zg: co wiemy o skuteczno\u015bci trening\u00f3w poznawczych?&#8221;<\/p>\n<p>\u015aroda, 18 marca, 17:00:<br \/>\nSEMINARIUM STUDENCKIE<\/p>\n<p>Czwartek, 19 marca, 17:00:<br \/>\nProf. Dr hab. In\u017c. Andrzej Mitas, Katedra Informatyki Medycznej i Sztucznej Inteligencji, Wydzia\u0142 In\u017cynierii Biomedycznej, Politechnika \u015al\u0105ska, \u201eM&amp;M &#8211; muzyka i m\u00f3zg\u201d<\/p>\n<p>Pi\u0105tek, 19 marca, 17:00:<br \/>\nDr Bartosz Baran, Centrum Kopernika Bada\u0144 Interdyscyplinarnych UJ, \u201cPsychologia por\u00f3wnawcza na sze\u015bciu nogach: ewolucyjne granice kontroli poznawczej\u201d<\/p>\n<p>Wyk\u0142ady s\u0105 bezp\u0142atne, otwarte dla wszystkich, bez zapis\u00f3w. Szczeg\u00f3\u0142y na stronie FB wydarzenia: <a href=\"https:\/\/www.facebook.com\/tmwkatowicach\">https:\/\/www.facebook.com\/tmwkatowicach<\/a>.<\/p>\n<p>Na wydarzenie zapraszaj\u0105: Instytut Biologii, Biotechnologii i Ochrony \u015arodowiska (Wydzia\u0142 Nauk Przyrodniczych), Instytut In\u017cynierii Biomedycznej (Wydzia\u0142 Nauk \u015acis\u0142ych i Technicznych), Instytut Filozofii (Wydzia\u0142 Humanistyczny) oraz Ko\u0142o Naukowe Do G\u00f3ry M\u00f3zgami.&#8221;<\/p>\n<\/div>\r\n                    <\/div>\r\n                <\/div>[\/vc_column][\/vc_row][vc_row][vc_column][vc_single_image image=&#8221;5820&#8243; img_size=&#8221;large&#8221; alignment=&#8221;center&#8221;][\/vc_column][\/vc_row][vc_row][vc_column][vc_column_text][\/vc_column_text][\/vc_column][\/vc_row]<\/p>","protected":false},"excerpt":{"rendered":"<p>[vc_row][vc_column][vc_column_text][\/vc_column_text][\/vc_column][\/vc_row][vc_row][vc_column][\/vc_column][\/vc_row][vc_row][vc_column][vc_single_image image=&#8221;5820&#8243; img_size=&#8221;large&#8221; alignment=&#8221;center&#8221;][\/vc_column][\/vc_row][vc_row][vc_column][vc_column_text][\/vc_column_text][\/vc_column][\/vc_row] [&#8230;]<\/p>\n<p><a class=\"btn btn-secondary understrap-read-more-link\" href=\"https:\/\/us.edu.pl\/instytut\/iib\/2026\/03\/16\/5829\/\">Read More&#8230;<\/a><\/p>\n","protected":false},"author":128,"featured_media":4324,"comment_status":"closed","ping_status":"closed","sticky":false,"template":"","format":"standard","meta":{"_expiration-date-status":"","_expiration-date":0,"_expiration-date-type":"","_expiration-date-categories":[],"_expiration-date-options":[]},"categories":[10,8],"tags":[],"acf":[],"_links":{"self":[{"href":"https:\/\/us.edu.pl\/instytut\/iib\/wp-json\/wp\/v2\/posts\/5829"}],"collection":[{"href":"https:\/\/us.edu.pl\/instytut\/iib\/wp-json\/wp\/v2\/posts"}],"about":[{"href":"https:\/\/us.edu.pl\/instytut\/iib\/wp-json\/wp\/v2\/types\/post"}],"author":[{"embeddable":true,"href":"https:\/\/us.edu.pl\/instytut\/iib\/wp-json\/wp\/v2\/users\/128"}],"replies":[{"embeddable":true,"href":"https:\/\/us.edu.pl\/instytut\/iib\/wp-json\/wp\/v2\/comments?post=5829"}],"version-history":[{"count":3,"href":"https:\/\/us.edu.pl\/instytut\/iib\/wp-json\/wp\/v2\/posts\/5829\/revisions"}],"predecessor-version":[{"id":5832,"href":"https:\/\/us.edu.pl\/instytut\/iib\/wp-json\/wp\/v2\/posts\/5829\/revisions\/5832"}],"wp:featuredmedia":[{"embeddable":true,"href":"https:\/\/us.edu.pl\/instytut\/iib\/wp-json\/wp\/v2\/media\/4324"}],"wp:attachment":[{"href":"https:\/\/us.edu.pl\/instytut\/iib\/wp-json\/wp\/v2\/media?parent=5829"}],"wp:term":[{"taxonomy":"category","embeddable":true,"href":"https:\/\/us.edu.pl\/instytut\/iib\/wp-json\/wp\/v2\/categories?post=5829"},{"taxonomy":"post_tag","embeddable":true,"href":"https:\/\/us.edu.pl\/instytut\/iib\/wp-json\/wp\/v2\/tags?post=5829"}],"curies":[{"name":"wp","href":"https:\/\/api.w.org\/{rel}","templated":true}]}}