{"id":5887,"date":"2026-03-19T09:58:04","date_gmt":"2026-03-19T08:58:04","guid":{"rendered":"https:\/\/us.edu.pl\/instytut\/iib\/?p=5887"},"modified":"2026-04-03T10:21:39","modified_gmt":"2026-04-03T08:21:39","slug":"studenci-iib-z-referatem-na-tygodniu-mozgu-w-katowicach-2026","status":"publish","type":"post","link":"https:\/\/us.edu.pl\/instytut\/iib\/2026\/03\/19\/studenci-iib-z-referatem-na-tygodniu-mozgu-w-katowicach-2026\/","title":{"rendered":"Studenci IIB z referatem na Tygodniu M\u00f3zgu w Katowicach 2026"},"content":{"rendered":"<p>[vc_row][vc_column]\r\n                <div class=\"text-modules\">\r\n                    <div class=\"container\">\r\n                        \r\n                        <div class=\"text-modules__content\"><p>W \u015brod\u0119 18 marca 2026 roku, podczas Dnia Studenckiego w ramach Tygodnia M\u00f3zgu w Katowicach, sw\u00f3j referat zaprezentowali studenci Uniwersytetu \u015al\u0105skiego realizuj\u0105cy projekt badawczy pod opiek\u0105 naukow\u0105 dr Kariny Maciejewskiej z Instytutu In\u017cynierii Biomedycznej.<\/p>\n<p>Cezary Zaj\u0105c i Julia Caputa przedstawili wyniki pracy zatytu\u0142owanej \u201eUwaga w ruchu: badanie aktywno\u015bci m\u00f3zgu podczas zadania uwagowego w wirtualnej rzeczywisto\u015bci z u\u017cyciem mobilnego EEG&#8221;. Prezentacja dotyczy\u0142a mo\u017cliwo\u015bci pomiaru aktywno\u015bci m\u00f3zgu w warunkach immersji wirtualnej \u2014 z wykorzystaniem przeno\u015bnego systemu EEG i zada\u0144 uwagowych realizowanych w \u015brodowisku VR.<\/p>\n<p>Badania prowadzone s\u0105 w ramach projektu \u201eWsparcie student\u00f3w w zakresie podniesienia ich kompetencji i umiej\u0119tno\u015bci&#8221; (Oferta N68: \u201eBadanie procesu uwagi za pomoc\u0105 EEG z wykorzystaniem mobilnego pomiaru aktywno\u015bci m\u00f3zgu w \u015brodowisku wirtualnej rzeczywisto\u015bci (VR)&#8221;), finansowanego z Funduszy Europejskich dla Rozwoju Spo\u0142ecznego.<\/p>\n<p>Publiczny charakter prezentacji \u2014 wyg\u0142oszonej przed interdyscyplinarnym audytorium w katowickim SpinPLACE \u2014 stanowi dla student\u00f3w doskona\u0142\u0105 okazj\u0119 do konfrontacji wynik\u00f3w bada\u0144 z szerszym \u015brodowiskiem naukowym.<\/p>\n<\/div>\r\n                    <\/div>\r\n                <\/div>[\/vc_column][\/vc_row][vc_row][vc_column][vc_single_image image=&#8221;5888&#8243; img_size=&#8221;large&#8221; add_caption=&#8221;yes&#8221; alignment=&#8221;center&#8221;][\/vc_column][\/vc_row]<\/p>","protected":false},"excerpt":{"rendered":"<p>[vc_row][vc_column][\/vc_column][\/vc_row][vc_row][vc_column][vc_single_image image=&#8221;5888&#8243; img_size=&#8221;large&#8221; add_caption=&#8221;yes&#8221; alignment=&#8221;center&#8221;][\/vc_column][\/vc_row] [&#8230;]<\/p>\n<p><a class=\"btn btn-secondary understrap-read-more-link\" href=\"https:\/\/us.edu.pl\/instytut\/iib\/2026\/03\/19\/studenci-iib-z-referatem-na-tygodniu-mozgu-w-katowicach-2026\/\">Read More&#8230;<\/a><\/p>\n","protected":false},"author":128,"featured_media":5888,"comment_status":"closed","ping_status":"closed","sticky":false,"template":"","format":"standard","meta":{"_expiration-date-status":"","_expiration-date":0,"_expiration-date-type":"","_expiration-date-categories":[],"_expiration-date-options":[]},"categories":[10,8],"tags":[],"acf":[],"_links":{"self":[{"href":"https:\/\/us.edu.pl\/instytut\/iib\/wp-json\/wp\/v2\/posts\/5887"}],"collection":[{"href":"https:\/\/us.edu.pl\/instytut\/iib\/wp-json\/wp\/v2\/posts"}],"about":[{"href":"https:\/\/us.edu.pl\/instytut\/iib\/wp-json\/wp\/v2\/types\/post"}],"author":[{"embeddable":true,"href":"https:\/\/us.edu.pl\/instytut\/iib\/wp-json\/wp\/v2\/users\/128"}],"replies":[{"embeddable":true,"href":"https:\/\/us.edu.pl\/instytut\/iib\/wp-json\/wp\/v2\/comments?post=5887"}],"version-history":[{"count":2,"href":"https:\/\/us.edu.pl\/instytut\/iib\/wp-json\/wp\/v2\/posts\/5887\/revisions"}],"predecessor-version":[{"id":5890,"href":"https:\/\/us.edu.pl\/instytut\/iib\/wp-json\/wp\/v2\/posts\/5887\/revisions\/5890"}],"wp:featuredmedia":[{"embeddable":true,"href":"https:\/\/us.edu.pl\/instytut\/iib\/wp-json\/wp\/v2\/media\/5888"}],"wp:attachment":[{"href":"https:\/\/us.edu.pl\/instytut\/iib\/wp-json\/wp\/v2\/media?parent=5887"}],"wp:term":[{"taxonomy":"category","embeddable":true,"href":"https:\/\/us.edu.pl\/instytut\/iib\/wp-json\/wp\/v2\/categories?post=5887"},{"taxonomy":"post_tag","embeddable":true,"href":"https:\/\/us.edu.pl\/instytut\/iib\/wp-json\/wp\/v2\/tags?post=5887"}],"curies":[{"name":"wp","href":"https:\/\/api.w.org\/{rel}","templated":true}]}}