{"id":5896,"date":"2026-03-18T10:36:09","date_gmt":"2026-03-18T09:36:09","guid":{"rendered":"https:\/\/us.edu.pl\/instytut\/iib\/?p=5896"},"modified":"2026-04-03T10:39:30","modified_gmt":"2026-04-03T08:39:30","slug":"wytrenowany-mozg-mgr-natalia-dziura-na-tygodniu-mozgu-w-katowicach-2026","status":"publish","type":"post","link":"https:\/\/us.edu.pl\/instytut\/iib\/2026\/03\/18\/wytrenowany-mozg-mgr-natalia-dziura-na-tygodniu-mozgu-w-katowicach-2026\/","title":{"rendered":"\u201eWytrenowany m\u00f3zg&#8221; \u2014 mgr Natalia Dziura na Tygodniu M\u00f3zgu w Katowicach 2026"},"content":{"rendered":"<p>[vc_row][vc_column]\r\n                <div class=\"text-modules\">\r\n                    <div class=\"container\">\r\n                        \r\n                        <div class=\"text-modules__content\"><p>We wtorek 17 marca 2026 roku w katowickim SpinPLACE odby\u0142 si\u0119 drugi wyk\u0142ad Tygodnia M\u00f3zgu w Katowicach. <strong>Mgr Natalia Dziura<\/strong> z Wydzia\u0142u Nauk Spo\u0142ecznych Uniwersytetu \u015al\u0105skiego w Katowicach podj\u0119\u0142a temat, kt\u00f3ry zadaje sobie wielu z nas: czy treningi poznawcze rzeczywi\u015bcie dzia\u0142aj\u0105?<\/p>\n<p>Wyk\u0142ad zatytu\u0142owany \u201eWytrenowany m\u00f3zg: czy treningi poznawcze s\u0105 skuteczne?&#8221; przybli\u017cy\u0142 s\u0142uchaczom aktualny stan wiedzy naukowej na temat skuteczno\u015bci \u0107wicze\u0144 umys\u0142owych \u2014 od popularnych aplikacji treningowych po metody stosowane w rehabilitacji neuropsychologicznej. Prelegentka om\u00f3wi\u0142a zar\u00f3wno obiecuj\u0105ce wyniki bada\u0144, jak i ograniczenia, z kt\u00f3rymi boryka si\u0119 ta dziedzina.<\/p>\n<p>Spotkanie poprowadzi\u0142a <strong>dr Karina Maciejewska, prof. U\u015a<\/strong>\u00a0z Instytutu In\u017cynierii Biomedycznej U\u015a \u2014 jedna ze wsp\u00f3\u0142organizatorek Tygodnia M\u00f3zgu w Katowicach, kt\u00f3ry od lat skupia na jednej scenie naukowc\u00f3w z r\u00f3\u017cnych dyscyplin: neurobiologii, psychologii, in\u017cynierii biomedycznej i filozofii.<\/p>\n<\/div>\r\n                    <\/div>\r\n                <\/div>[\/vc_column][\/vc_row][vc_row][vc_column][vc_single_image image=&#8221;5897&#8243; img_size=&#8221;large&#8221; add_caption=&#8221;yes&#8221; alignment=&#8221;center&#8221;][\/vc_column][\/vc_row]<\/p>","protected":false},"excerpt":{"rendered":"<p>[vc_row][vc_column][\/vc_column][\/vc_row][vc_row][vc_column][vc_single_image image=&#8221;5897&#8243; img_size=&#8221;large&#8221; add_caption=&#8221;yes&#8221; alignment=&#8221;center&#8221;][\/vc_column][\/vc_row] [&#8230;]<\/p>\n<p><a class=\"btn btn-secondary understrap-read-more-link\" href=\"https:\/\/us.edu.pl\/instytut\/iib\/2026\/03\/18\/wytrenowany-mozg-mgr-natalia-dziura-na-tygodniu-mozgu-w-katowicach-2026\/\">Read More&#8230;<\/a><\/p>\n","protected":false},"author":128,"featured_media":5897,"comment_status":"closed","ping_status":"closed","sticky":false,"template":"","format":"standard","meta":{"_expiration-date-status":"","_expiration-date":0,"_expiration-date-type":"","_expiration-date-categories":[],"_expiration-date-options":[]},"categories":[10,8],"tags":[],"acf":[],"_links":{"self":[{"href":"https:\/\/us.edu.pl\/instytut\/iib\/wp-json\/wp\/v2\/posts\/5896"}],"collection":[{"href":"https:\/\/us.edu.pl\/instytut\/iib\/wp-json\/wp\/v2\/posts"}],"about":[{"href":"https:\/\/us.edu.pl\/instytut\/iib\/wp-json\/wp\/v2\/types\/post"}],"author":[{"embeddable":true,"href":"https:\/\/us.edu.pl\/instytut\/iib\/wp-json\/wp\/v2\/users\/128"}],"replies":[{"embeddable":true,"href":"https:\/\/us.edu.pl\/instytut\/iib\/wp-json\/wp\/v2\/comments?post=5896"}],"version-history":[{"count":2,"href":"https:\/\/us.edu.pl\/instytut\/iib\/wp-json\/wp\/v2\/posts\/5896\/revisions"}],"predecessor-version":[{"id":5899,"href":"https:\/\/us.edu.pl\/instytut\/iib\/wp-json\/wp\/v2\/posts\/5896\/revisions\/5899"}],"wp:featuredmedia":[{"embeddable":true,"href":"https:\/\/us.edu.pl\/instytut\/iib\/wp-json\/wp\/v2\/media\/5897"}],"wp:attachment":[{"href":"https:\/\/us.edu.pl\/instytut\/iib\/wp-json\/wp\/v2\/media?parent=5896"}],"wp:term":[{"taxonomy":"category","embeddable":true,"href":"https:\/\/us.edu.pl\/instytut\/iib\/wp-json\/wp\/v2\/categories?post=5896"},{"taxonomy":"post_tag","embeddable":true,"href":"https:\/\/us.edu.pl\/instytut\/iib\/wp-json\/wp\/v2\/tags?post=5896"}],"curies":[{"name":"wp","href":"https:\/\/api.w.org\/{rel}","templated":true}]}}