{"id":5900,"date":"2026-03-17T10:44:32","date_gmt":"2026-03-17T09:44:32","guid":{"rendered":"https:\/\/us.edu.pl\/instytut\/iib\/?p=5900"},"modified":"2026-04-03T10:53:22","modified_gmt":"2026-04-03T08:53:22","slug":"twoj-mozg-jako-luka-w-zabezpieczeniach-inauguracja-tygodnia-mozgu-w-katowicach-2026","status":"publish","type":"post","link":"https:\/\/us.edu.pl\/instytut\/iib\/2026\/03\/17\/twoj-mozg-jako-luka-w-zabezpieczeniach-inauguracja-tygodnia-mozgu-w-katowicach-2026\/","title":{"rendered":"\u201eTw\u00f3j m\u00f3zg jako luka w zabezpieczeniach&#8221; \u2014 inauguracja Tygodnia M\u00f3zgu w Katowicach 2026"},"content":{"rendered":"<p>[vc_row][vc_column]\r\n                <div class=\"text-modules\">\r\n                    <div class=\"container\">\r\n                        \r\n                        <div class=\"text-modules__content\"><p>W poniedzia\u0142ek 16 marca 2026 roku w katowickim SpinPLACE zainaugurowany zosta\u0142 Tydzie\u0144 M\u00f3zgu w Katowicach 2026 \u2014 cz\u0119\u015b\u0107 \u015bwiatowego cyklu Brain Awareness Week, organizowanego corocznie przez dziesi\u0105tki instytucji naukowych na ca\u0142ym \u015bwiecie. Tegoroczn\u0105 edycj\u0119 na Uniwersytecie \u015al\u0105skim wsp\u00f3\u0142organizowa\u0142a <strong>dr Karina Maciejewska, prof. U\u015a<\/strong> z Instytutu In\u017cynierii Biomedycznej, kt\u00f3ra otworzy\u0142a cykl i poprowadzi\u0142a pierwsze spotkanie.<\/p>\n<p>Wyk\u0142ad inauguracyjny wyg\u0142osi\u0142 <strong>dr Maciej Bo\u017cek, prof. U\u015a<\/strong> z Wydzia\u0142u Nauk Spo\u0142ecznych Uniwersytetu \u015al\u0105skiego w Katowicach. Tematem by\u0142a psychologia podatno\u015bci poznawczych \u2014 mechanizm\u00f3w, kt\u00f3re sprawiaj\u0105, \u017ce ujawniamy informacje wbrew w\u0142asnym interesom i dajemy si\u0119 manipulowa\u0107. Prelegent przedstawi\u0142, jak ewolucyjnie ukszta\u0142towane cechy ludzkiego umys\u0142u \u2014 sk\u0142onno\u015b\u0107 do ufania, potrzeba sp\u00f3jno\u015bci narracyjnej czy automatyczne przypisywanie intencji innym \u2014 staj\u0105 si\u0119 dzi\u015b narz\u0119dziem w r\u0119kach oszust\u00f3w i system\u00f3w in\u017cynierii spo\u0142ecznej.<\/p>\n<p>Szczeg\u00f3lnie interesuj\u0105cym w\u0105tkiem wyk\u0142adu by\u0142o zagadnienie nowych podatno\u015bci psychologicznych wynikaj\u0105cych z upowszechnienia sztucznej inteligencji. Dr Bo\u017cek om\u00f3wi\u0142 m.in. zjawiska antropomorfizacji system\u00f3w AI, automation bias \u2014 czyli nadmiernego zaufania do automatycznych rekomendacji \u2014 oraz sk\u0142onno\u015bci do bezkrytycznego przyjmowania wynik\u00f3w generowanych przez modele j\u0119zykowe, okre\u015blonej jako \u201ehallucination acceptance&#8221;.<\/p>\n<p>Wyk\u0142ad zgromadzi\u0142 liczn\u0105 publiczno\u015b\u0107 i otworzy\u0142 czterodniowy cykl spotka\u0144, w kt\u00f3rym wzi\u0119li udzia\u0142 naukowcy z kilku dyscyplin \u2014 od psychologii i neurobiologii po in\u017cynieri\u0119 biomedyczn\u0105.<\/p>\n<\/div>\r\n                    <\/div>\r\n                <\/div>[\/vc_column][\/vc_row][vc_row][vc_column width=&#8221;1\/2&#8243;][vc_single_image image=&#8221;5901&#8243; img_size=&#8221;large&#8221; add_caption=&#8221;yes&#8221; alignment=&#8221;center&#8221;][\/vc_column][vc_column width=&#8221;1\/2&#8243;][vc_single_image image=&#8221;5902&#8243; img_size=&#8221;large&#8221; add_caption=&#8221;yes&#8221; alignment=&#8221;center&#8221;][\/vc_column][\/vc_row]<\/p>","protected":false},"excerpt":{"rendered":"<p>[vc_row][vc_column][\/vc_column][\/vc_row][vc_row][vc_column width=&#8221;1\/2&#8243;][vc_single_image image=&#8221;5901&#8243; img_size=&#8221;large&#8221; add_caption=&#8221;yes&#8221; alignment=&#8221;center&#8221;][\/vc_column][vc_column width=&#8221;1\/2&#8243;][vc_single_image image=&#8221;5902&#8243; img_size=&#8221;large&#8221; add_caption=&#8221;yes&#8221; alignment=&#8221;center&#8221;][\/vc_column][\/vc_row] [&#8230;]<\/p>\n<p><a class=\"btn btn-secondary understrap-read-more-link\" href=\"https:\/\/us.edu.pl\/instytut\/iib\/2026\/03\/17\/twoj-mozg-jako-luka-w-zabezpieczeniach-inauguracja-tygodnia-mozgu-w-katowicach-2026\/\">Read More&#8230;<\/a><\/p>\n","protected":false},"author":128,"featured_media":5901,"comment_status":"closed","ping_status":"closed","sticky":false,"template":"","format":"standard","meta":{"_expiration-date-status":"","_expiration-date":0,"_expiration-date-type":"","_expiration-date-categories":[],"_expiration-date-options":[]},"categories":[10,8],"tags":[],"acf":[],"_links":{"self":[{"href":"https:\/\/us.edu.pl\/instytut\/iib\/wp-json\/wp\/v2\/posts\/5900"}],"collection":[{"href":"https:\/\/us.edu.pl\/instytut\/iib\/wp-json\/wp\/v2\/posts"}],"about":[{"href":"https:\/\/us.edu.pl\/instytut\/iib\/wp-json\/wp\/v2\/types\/post"}],"author":[{"embeddable":true,"href":"https:\/\/us.edu.pl\/instytut\/iib\/wp-json\/wp\/v2\/users\/128"}],"replies":[{"embeddable":true,"href":"https:\/\/us.edu.pl\/instytut\/iib\/wp-json\/wp\/v2\/comments?post=5900"}],"version-history":[{"count":3,"href":"https:\/\/us.edu.pl\/instytut\/iib\/wp-json\/wp\/v2\/posts\/5900\/revisions"}],"predecessor-version":[{"id":5905,"href":"https:\/\/us.edu.pl\/instytut\/iib\/wp-json\/wp\/v2\/posts\/5900\/revisions\/5905"}],"wp:featuredmedia":[{"embeddable":true,"href":"https:\/\/us.edu.pl\/instytut\/iib\/wp-json\/wp\/v2\/media\/5901"}],"wp:attachment":[{"href":"https:\/\/us.edu.pl\/instytut\/iib\/wp-json\/wp\/v2\/media?parent=5900"}],"wp:term":[{"taxonomy":"category","embeddable":true,"href":"https:\/\/us.edu.pl\/instytut\/iib\/wp-json\/wp\/v2\/categories?post=5900"},{"taxonomy":"post_tag","embeddable":true,"href":"https:\/\/us.edu.pl\/instytut\/iib\/wp-json\/wp\/v2\/tags?post=5900"}],"curies":[{"name":"wp","href":"https:\/\/api.w.org\/{rel}","templated":true}]}}