{"id":1428,"date":"2022-01-20T14:14:50","date_gmt":"2022-01-20T13:14:50","guid":{"rendered":"https:\/\/us.edu.pl\/instytut\/iim\/?p=1428"},"modified":"2023-04-04T11:55:31","modified_gmt":"2023-04-04T09:55:31","slug":"technologia-i-badania-wlasciwosci-materialow-ceramicznych","status":"publish","type":"post","link":"https:\/\/us.edu.pl\/instytut\/iim\/2022\/technologia-i-badania-wlasciwosci-materialow-ceramicznych\/","title":{"rendered":"Technologia i badania w\u0142a\u015bciwo\u015bci materia\u0142\u00f3w ceramicznych"},"content":{"rendered":"<p>[vc_row][vc_column][vc_tta_tabs][vc_tta_section title=&#8221;Opis tematu&#8221; tab_id=&#8221;1642679665247-fae773c9-fd44&#8243;]\r\n                <div class=\"text-modules \">\r\n                    <div class=\"container\">\r\n                         <h3 class=\"subtitle text-modules__subtitle\">Lider: dr hab. Dariusz Bochenek, prof. U\u015a<\/h3>\r\n                        <div class=\"row m-0\">\r\n                            <div class=\"text-modules__content\">\r\n                                Tematyka naukowo-badawcza zespo\u0142u obejmuje szereg cel\u00f3w i przedsi\u0119wzi\u0119\u0107 naukowych do realizacji w okresie dzia\u0142alno\u015bci zespo\u0142u, m.in.: projektowane, otrzymywanie i kompleksowe badania w\u0142a\u015bciwo\u015bci materia\u0142\u00f3w ceramicznych o funkcjonalnych w\u0142a\u015bciwo\u015bciach oraz multiferroicznych kompozyt\u00f3w ceramicznych do zastosowa\u0144 w nowoczesnej mikroelektronice<br \/>\ni mikromechatronice, przyk\u0142adowo: wielosk\u0142adnikowe materia\u0142y ceramiczne typu PZT domieszkowane pierwiastkami ziem rzadkich, wielosk\u0142adnikowe roztwory sta\u0142e na bazie PZT, multiferroiczne kompozyty ceramiczne otrzymywane na bazie materia\u0142u ferroelektrycznego oraz materia\u0142u magnetycznego, bezo\u0142owiowe materia\u0142y ceramiczne i ich modyfikacje, np. (BaFe1\/2Nb1\/2O3), materia\u0142y ceramiczne o warstwowej strukturze Aurivilliusa. W procesie technologicznym otrzymywania materia\u0142\u00f3w ceramicznych o specjalnych w\u0142a\u015bciwo\u015bciach opr\u00f3cz klasycznych metod syntezowania i spiekania, b\u0119d\u0105 wykorzystane tak\u017ce specjalne procesy technologiczne, m.in.: wysokoenergetyczne mielenie (MA), iskrowe spiekanie plazmowe (SPS), prasowanie na gor\u0105co (HP) wraz z optymalizowaniem ich parametr\u00f3w technologicznych, kt\u00f3re pozwol\u0105 uzyska\u0107 najodpowiedniejsze w\u0142a\u015bciwo\u015bci i finalne parametry funkcjonalnych materia\u0142\u00f3w ceramicznych. Plan dzia\u0142ania obejmuje r\u00f3wnie\u017c wykonanie specjalistycznych bada\u0144 (w tym prace zlecone na zewn\u0105trz, w innych o\u015brodkach naukowych), np.: badania efektu magnetoelektrycznego multiferroicznych kompozyt\u00f3w ceramicznych, czy te\u017c wysokotemperaturowe badania m\u00f6ssbauerowskie materia\u0142\u00f3w ceramicznych otrzymanych na bazie \u017celaza. \r\n                                <div class=\"mt-3\"><\/div>\r\n                            <\/div>\r\n                            \r\n                            \r\n                        <\/div>\r\n                    <\/div>\r\n                <\/div>[\/vc_tta_section][vc_tta_section title=&#8221;Sk\u0142ad zespo\u0142u&#8221; tab_id=&#8221;1642679665273-be4fac81-f9e2&#8243;]<div class='container'><div class=\"people-section\"><div class=\"people-loop people-loop_2\">\r\n            <div  class=\"people-loop-post\">\r\n               \r\n               <div class=\"people-loop-post__content\" >\r\n                     <div class=\"people-loop-post__prof\" >   <\/div >\r\n                     <div class=\"people-loop-post__title\" > Bochenek Dariusz<\/div >\r\n                     <div class=\"people-loop-post__position\" > <\/div >\r\n                     <a class=\"link-button\"  href=\"https:\/\/us.edu.pl\/instytut\/iim\/osoby\/bochenek-dariusz\/\">Biogram<\/a>\r\n               <\/div>\r\n            <\/div> \r\n            <div  class=\"people-loop-post\">\r\n               \r\n               <div class=\"people-loop-post__content\" >\r\n                     <div class=\"people-loop-post__prof\" >   <\/div >\r\n                     <div class=\"people-loop-post__title\" > Dercz Grzegorz<\/div >\r\n                     <div class=\"people-loop-post__position\" > <\/div >\r\n                     <a class=\"link-button\"  href=\"https:\/\/us.edu.pl\/instytut\/iim\/osoby\/dercz-grzegorz\/\">Biogram<\/a>\r\n               <\/div>\r\n            <\/div> \r\n            <div  class=\"people-loop-post\">\r\n               \r\n               <div class=\"people-loop-post__content\" >\r\n                     <div class=\"people-loop-post__prof\" >   <\/div >\r\n                     <div class=\"people-loop-post__title\" > Bartkowska Joanna<\/div >\r\n                     <div class=\"people-loop-post__position\" > <\/div >\r\n                     <a class=\"link-button\"  href=\"https:\/\/us.edu.pl\/instytut\/iim\/osoby\/bartkowska-joanna\/\">Biogram<\/a>\r\n               <\/div>\r\n            <\/div> \r\n            <div  class=\"people-loop-post\">\r\n               \r\n               <div class=\"people-loop-post__content\" >\r\n                     <div class=\"people-loop-post__prof\" >   <\/div >\r\n                     <div class=\"people-loop-post__title\" > Brzezi\u0144ska Dagmara<\/div >\r\n                     <div class=\"people-loop-post__position\" > <\/div >\r\n                     <a class=\"link-button\"  href=\"https:\/\/us.edu.pl\/instytut\/iim\/osoby\/brzezinska-dagmara\/\">Biogram<\/a>\r\n               <\/div>\r\n            <\/div> \r\n            <div  class=\"people-loop-post\">\r\n               \r\n               <div class=\"people-loop-post__content\" >\r\n                     <div class=\"people-loop-post__prof\" >   <\/div >\r\n                     <div class=\"people-loop-post__title\" > Niemiec Przemys\u0142aw<\/div >\r\n                     <div class=\"people-loop-post__position\" > <\/div >\r\n                     <a class=\"link-button\"  href=\"https:\/\/us.edu.pl\/instytut\/iim\/osoby\/niemiec-przemyslaw\/\">Biogram<\/a>\r\n               <\/div>\r\n            <\/div> <\/div><\/div><\/div>[\/vc_tta_section][\/vc_tta_tabs][\/vc_column][\/vc_row]<\/p>","protected":false},"excerpt":{"rendered":"<p>[vc_row][vc_column][vc_tta_tabs][vc_tta_section title=&#8221;Opis tematu&#8221; tab_id=&#8221;1642679665247-fae773c9-fd44&#8243;][\/vc_tta_section][vc_tta_section title=&#8221;Sk\u0142ad zespo\u0142u&#8221; tab_id=&#8221;1642679665273-be4fac81-f9e2&#8243;][\/vc_tta_section][\/vc_tta_tabs][\/vc_column][\/vc_row] [&#8230;]<\/p>\n<p><a class=\"btn btn-secondary understrap-read-more-link\" href=\"https:\/\/us.edu.pl\/instytut\/iim\/osoby\/wygoda-roksana\/\">Read More&#8230;<\/a><\/p>\n","protected":false},"author":825,"featured_media":0,"comment_status":"open","ping_status":"open","sticky":false,"template":"","format":"standard","meta":{"_expiration-date-status":"","_expiration-date":0,"_expiration-date-type":"","_expiration-date-categories":[],"_expiration-date-options":[]},"categories":[22],"tags":[67,107,96,109,108],"acf":[],"_links":{"self":[{"href":"https:\/\/us.edu.pl\/instytut\/iim\/wp-json\/wp\/v2\/posts\/1428"}],"collection":[{"href":"https:\/\/us.edu.pl\/instytut\/iim\/wp-json\/wp\/v2\/posts"}],"about":[{"href":"https:\/\/us.edu.pl\/instytut\/iim\/wp-json\/wp\/v2\/types\/post"}],"author":[{"embeddable":true,"href":"https:\/\/us.edu.pl\/instytut\/iim\/wp-json\/wp\/v2\/users\/825"}],"replies":[{"embeddable":true,"href":"https:\/\/us.edu.pl\/instytut\/iim\/wp-json\/wp\/v2\/comments?post=1428"}],"version-history":[{"count":4,"href":"https:\/\/us.edu.pl\/instytut\/iim\/wp-json\/wp\/v2\/posts\/1428\/revisions"}],"predecessor-version":[{"id":1995,"href":"https:\/\/us.edu.pl\/instytut\/iim\/wp-json\/wp\/v2\/posts\/1428\/revisions\/1995"}],"wp:attachment":[{"href":"https:\/\/us.edu.pl\/instytut\/iim\/wp-json\/wp\/v2\/media?parent=1428"}],"wp:term":[{"taxonomy":"category","embeddable":true,"href":"https:\/\/us.edu.pl\/instytut\/iim\/wp-json\/wp\/v2\/categories?post=1428"},{"taxonomy":"post_tag","embeddable":true,"href":"https:\/\/us.edu.pl\/instytut\/iim\/wp-json\/wp\/v2\/tags?post=1428"}],"curies":[{"name":"wp","href":"https:\/\/api.w.org\/{rel}","templated":true}]}}