{"id":4228,"date":"2025-09-25T10:16:57","date_gmt":"2025-09-25T08:16:57","guid":{"rendered":"https:\/\/us.edu.pl\/instytut\/iim\/?p=4228"},"modified":"2025-09-25T10:24:49","modified_gmt":"2025-09-25T08:24:49","slug":"1-miejsce-w-konkursie-young-scientists-best-presentation-award-dla-julii-zajac","status":"publish","type":"post","link":"https:\/\/us.edu.pl\/instytut\/iim\/2025\/1-miejsce-w-konkursie-young-scientists-best-presentation-award-dla-julii-zajac\/","title":{"rendered":"1. miejsce w konkursie Young Scientists&#8217; Best Presentation Award dla Julii Zaj\u0105c"},"content":{"rendered":"<p>[vc_row][vc_column]\r\n                <div class=\"text-modules \">\r\n                    <div class=\"container\">\r\n                         \r\n                        <div class=\"row m-0\">\r\n                            <div class=\"text-modules__content\">\r\n                                <\/p>\n<div class=\"xdj266r x14z9mp xat24cr x1lziwak x1vvkbs x126k92a\">\n<div dir=\"auto\">Z ogromn\u0105 rado\u015bci\u0105 informujemy, \u017ce doktorantka <strong>mgr in\u017c. Julia Zaj\u0105c<\/strong> zaj\u0119\u0142a <strong>1. miejsce<\/strong> w konkursie Young Scientists&#8217; Best Presentation Award podczas <strong>XXV Conference on Applied Crystallography<\/strong>! <span class=\"html-span xexx8yu xyri2b x18d9i69 x1c1uobl x1hl2dhg x16tdsg8 x1vvkbs x3nfvp2 x1j61x8r x1fcty0u xdj266r xat24cr xm2jcoa x1mpyi22 xxymvpz xlup9mm x1kky2od\"><img class=\"xz74otr x15mokao x1ga7v0g x16uus16 xbiv7yw\" src=\"https:\/\/static.xx.fbcdn.net\/images\/emoji.php\/v9\/tf4\/1\/16\/2728.png\" alt=\"\u2728\" width=\"16\" height=\"16\" \/><\/span><\/div>\n<\/div>\n<p>&nbsp;<\/p>\n<div class=\"x14z9mp xat24cr x1lziwak x1vvkbs xtlvy1s x126k92a\">\n<div dir=\"auto\"><\/div>\n<div dir=\"auto\">W swojej prezentacji &#8222;Structure, Microstructure and Mechanical Performance of Zr-Nb-Mo Alloys: Effect of Composition and Heat Treatment&#8221; mgr in\u017c. Julii Zaj\u0105c przedstawi\u0142a wyniki bada\u0144 zrealizowanych pod opiek\u0105 promotora <a href=\"https:\/\/us.edu.pl\/instytut\/iim\/osoby\/dercz-grzegorz\/\">dr hab. Grzegorza Dercza, prof. U\u015a<\/a> i przy wsp\u00f3\u0142pracy z <a href=\"https:\/\/us.edu.pl\/instytut\/iim\/osoby\/matula-izabela\/\">dr in\u017c. Izabel\u0105 Matu\u0142a<\/a>, <a href=\"https:\/\/us.edu.pl\/instytut\/iim\/osoby\/barylski-adrian\/\">dr. hab. Adrianem Barylskim, prof. U\u015a<\/a><sup>\u2020<\/sup>, <a href=\"https:\/\/us.edu.pl\/instytut\/iim\/osoby\/aniolek-krzysztof\/\">dr. hab. in\u017c. Krzysztofem Anio\u0142kiem <\/a>i dr. hab. Marcinem Nabia\u0142kiem, prof. PCz.<\/div>\n<\/div>\n<p>&nbsp;<\/p>\n<div class=\"x14z9mp xat24cr x1lziwak x1vvkbs xtlvy1s x126k92a\">\n<div dir=\"auto\"><\/div>\n<div dir=\"auto\"><\/div>\n<div dir=\"auto\">To wyj\u0105tkowe wyr\u00f3\u017cnienie jest dowodem ogromnej pracy, zaanga\u017cowania i pasji badawczej.<\/div>\n<div dir=\"auto\">Gratulujemy ciekawych bada\u0144 i niesamowitej prezentacji!<\/div>\n<\/div>\n<div class=\"mt-3\"><\/div>\r\n                            <\/div>\r\n                            \r\n                            <div class=\"text-modules__img\"><img src=\"https:\/\/us.edu.pl\/instytut\/iim\/wp-content\/uploads\/sites\/42\/obrazy-wiadomosci\/2025-CACJZajac-dyplom.jpg\" alt=\"img\"><\/div>\r\n                        <\/div>\r\n                    <\/div>\r\n                <\/div>[\/vc_column][\/vc_row][vc_row][vc_column]            \r\n                    <div class=\"container\">\r\n                        <div class=\"gallery gallery_3\" data-images-in-row=\"3\">\r\n                            \r\n                            <div class=\"row m-0\">\r\n                                <a data-fancybox-group=\"button\" title=\"Ceremonia wr\u0119czenia nagr\u00f3d\" data-fancybox=\"4474\" href=\"https:\/\/us.edu.pl\/instytut\/iim\/wp-content\/uploads\/sites\/42\/obrazy-wiadomosci\/2025-CAC_JZajac2.jpg\" class=\"gallery__item thumbnail\"\r\n                                    style=\"background-image: url(https:\/\/us.edu.pl\/instytut\/iim\/wp-content\/uploads\/sites\/42\/obrazy-wiadomosci\/2025-CAC_JZajac2-1024x683.jpg)\"> <span class=\"d-none\">https:\/\/us.edu.pl\/instytut\/iim\/wp-content\/uploads\/sites\/42\/obrazy-wiadomosci\/2025-CAC_JZajac2.jpg<\/span> <\/a><a data-fancybox-group=\"button\" title=\"mgr in\u017c. Julia Zaj\u0105c podczas prezentacji\" data-fancybox=\"4474\" href=\"https:\/\/us.edu.pl\/instytut\/iim\/wp-content\/uploads\/sites\/42\/obrazy-wiadomosci\/2025-CAC_jzajac.jpg\" class=\"gallery__item thumbnail\"\r\n                                    style=\"background-image: url(https:\/\/us.edu.pl\/instytut\/iim\/wp-content\/uploads\/sites\/42\/obrazy-wiadomosci\/2025-CAC_jzajac-1024x683.jpg)\"> <span class=\"d-none\">https:\/\/us.edu.pl\/instytut\/iim\/wp-content\/uploads\/sites\/42\/obrazy-wiadomosci\/2025-CAC_jzajac.jpg<\/span> <\/a><a data-fancybox-group=\"button\" title=\"Zdj\u0119cie grupowe uczestnik\u00f3w konferencji CAC2025\" data-fancybox=\"4474\" href=\"https:\/\/us.edu.pl\/instytut\/iim\/wp-content\/uploads\/sites\/42\/obrazy-wiadomosci\/2025_cacXXV.jpg\" class=\"gallery__item thumbnail\"\r\n                                    style=\"background-image: url(https:\/\/us.edu.pl\/instytut\/iim\/wp-content\/uploads\/sites\/42\/obrazy-wiadomosci\/2025_cacXXV.jpg)\"> <span class=\"d-none\">https:\/\/us.edu.pl\/instytut\/iim\/wp-content\/uploads\/sites\/42\/obrazy-wiadomosci\/2025_cacXXV.jpg<\/span> <\/a>\r\n                            <\/div>\r\n                    <\/div>\r\n                <\/div>[\/vc_column][\/vc_row]<\/p>","protected":false},"excerpt":{"rendered":"<p>[vc_row][vc_column][\/vc_column][\/vc_row][vc_row][vc_column][\/vc_column][\/vc_row] [&#8230;]<\/p>\n<p><a class=\"btn btn-secondary understrap-read-more-link\" href=\"https:\/\/us.edu.pl\/instytut\/iim\/2025\/1-miejsce-w-konkursie-young-scientists-best-presentation-award-dla-julii-zajac\/\">Read More&#8230;<\/a><\/p>\n","protected":false},"author":825,"featured_media":4227,"comment_status":"open","ping_status":"open","sticky":false,"template":"","format":"standard","meta":{"_expiration-date-status":"","_expiration-date":0,"_expiration-date-type":"","_expiration-date-categories":[],"_expiration-date-options":[]},"categories":[20,24,8],"tags":[],"acf":[],"_links":{"self":[{"href":"https:\/\/us.edu.pl\/instytut\/iim\/wp-json\/wp\/v2\/posts\/4228"}],"collection":[{"href":"https:\/\/us.edu.pl\/instytut\/iim\/wp-json\/wp\/v2\/posts"}],"about":[{"href":"https:\/\/us.edu.pl\/instytut\/iim\/wp-json\/wp\/v2\/types\/post"}],"author":[{"embeddable":true,"href":"https:\/\/us.edu.pl\/instytut\/iim\/wp-json\/wp\/v2\/users\/825"}],"replies":[{"embeddable":true,"href":"https:\/\/us.edu.pl\/instytut\/iim\/wp-json\/wp\/v2\/comments?post=4228"}],"version-history":[{"count":8,"href":"https:\/\/us.edu.pl\/instytut\/iim\/wp-json\/wp\/v2\/posts\/4228\/revisions"}],"predecessor-version":[{"id":4236,"href":"https:\/\/us.edu.pl\/instytut\/iim\/wp-json\/wp\/v2\/posts\/4228\/revisions\/4236"}],"wp:featuredmedia":[{"embeddable":true,"href":"https:\/\/us.edu.pl\/instytut\/iim\/wp-json\/wp\/v2\/media\/4227"}],"wp:attachment":[{"href":"https:\/\/us.edu.pl\/instytut\/iim\/wp-json\/wp\/v2\/media?parent=4228"}],"wp:term":[{"taxonomy":"category","embeddable":true,"href":"https:\/\/us.edu.pl\/instytut\/iim\/wp-json\/wp\/v2\/categories?post=4228"},{"taxonomy":"post_tag","embeddable":true,"href":"https:\/\/us.edu.pl\/instytut\/iim\/wp-json\/wp\/v2\/tags?post=4228"}],"curies":[{"name":"wp","href":"https:\/\/api.w.org\/{rel}","templated":true}]}}