{"id":4567,"date":"2026-03-30T16:29:29","date_gmt":"2026-03-30T14:29:29","guid":{"rendered":"https:\/\/us.edu.pl\/instytut\/iim\/?p=4567"},"modified":"2026-03-31T13:00:28","modified_gmt":"2026-03-31T11:00:28","slug":"zmarla-ewa-stelmaszczyk","status":"publish","type":"post","link":"https:\/\/us.edu.pl\/instytut\/iim\/2026\/zmarla-ewa-stelmaszczyk\/","title":{"rendered":"Zmar\u0142a Ewa Stelmaszczyk"},"content":{"rendered":"<p>[vc_row][vc_column]\r\n                <div class=\"text-modules\">\r\n                    <div class=\"container\">\r\n                        \r\n                        <div class=\"text-modules__content\"><\/p>\n<table class=\" aligncenter\" style=\"width: 70%; border-collapse: collapse;\" cellpadding=\"20px\">\n<tbody>\n<tr>\n<td style=\"width: 70%; border-style: solid; border-color: #000000; background-color: #e0e0e0; text-align: center; vertical-align: middle;\"><img class=\"alignnone size-medium wp-image-3301\" src=\"https:\/\/us.edu.pl\/instytut\/iim\/wp-content\/uploads\/sites\/42\/obrazy-wiadomosci\/olive-branch-350x48.png\" alt=\"\" width=\"350\" height=\"48\" srcset=\"https:\/\/us.edu.pl\/instytut\/iim\/wp-content\/uploads\/sites\/42\/obrazy-wiadomosci\/olive-branch-350x48.png 350w, https:\/\/us.edu.pl\/instytut\/iim\/wp-content\/uploads\/sites\/42\/obrazy-wiadomosci\/olive-branch-1024x140.png 1024w, https:\/\/us.edu.pl\/instytut\/iim\/wp-content\/uploads\/sites\/42\/obrazy-wiadomosci\/olive-branch-768x105.png 768w, https:\/\/us.edu.pl\/instytut\/iim\/wp-content\/uploads\/sites\/42\/obrazy-wiadomosci\/olive-branch-575x79.png 575w, https:\/\/us.edu.pl\/instytut\/iim\/wp-content\/uploads\/sites\/42\/obrazy-wiadomosci\/olive-branch.png 1307w\" sizes=\"(max-width: 350px) 100vw, 350px\" \/><\/p>\n<p>Z \u017calem<br \/>\nzawiadamiamy, \u017ce w dniu 27 marca 2026 roku<br \/>\nzmar\u0142a<\/p>\n<p><span style=\"font-size: 12pt;\"><strong><span style=\"font-size: 14pt;\">\u015bp. Ewa Stelmaszczyk<\/span><br \/>\n<\/strong><\/span><\/p>\n<p>&nbsp;<\/p>\n<p>emerytowana pracowniczka Wydzia\u0142u Nauk \u015acis\u0142ych i Technicznych,<br \/>\na wcze\u015bniej Wydzia\u0142u Techniki Uniwersytetu \u015al\u0105skiego.<\/p>\n<p>&nbsp;<\/p>\n<p>\u017begnamy\u00a0Kole\u017cank\u0119, kt\u00f3ra zawsze by\u0142a pe\u0142na \u017cyczliwo\u015bci i u\u015bmiechu<\/p>\n<p>&nbsp;<\/p>\n<p>Wyrazy g\u0142\u0119bokiego wsp\u00f3\u0142czucia Rodzinie Zmar\u0142ej sk\u0142adaj\u0105<br \/>\nDyrekcja i Pracownicy Instytutu In\u017cynierii Materia\u0142owej<\/p>\n<p>&nbsp;<\/p>\n<p style=\"text-align: left;\">Cze\u015b\u0107 Jej Pami\u0119ci<\/p>\n<p>&nbsp;<\/p>\n<p style=\"text-align: right;\"><span style=\"font-size: 10pt;\">Msza \u015awi\u0119ta pogrzebowa zostanie odprawiona w \u015brod\u0119, <strong>1 kwietnia 2026<\/strong> o godzinie <strong>12<sup>00<\/sup><\/strong><\/span><br \/>\n<span style=\"font-size: 10pt;\">w kaplicy Anio\u0142ki na cmentarzu parafialnym<\/span><br \/>\n<span style=\"font-size: 10pt;\"><strong>B\u0119dzin, ul. Ma\u0142ob\u0105dzka<\/strong><\/span><\/p>\n<p>Rodzina sk\u0142ada pro\u015bb\u0119 do uczestnik\u00f3w pogrzebu, by zamiast kwiat\u00f3w wesprze\u0107 zbi\u00f3rk\u0119 na leczenie wnuka Daniela. Dzi\u0119kujemy za ten gest serca.<\/td>\n<\/tr>\n<\/tbody>\n<\/table>\n<p>\n<\/div>\r\n                    <\/div>\r\n                <\/div>[\/vc_column][\/vc_row]<\/p>","protected":false},"excerpt":{"rendered":"<p>[vc_row][vc_column][\/vc_column][\/vc_row] [&#8230;]<\/p>\n<p><a class=\"btn btn-secondary understrap-read-more-link\" href=\"https:\/\/us.edu.pl\/instytut\/iim\/2026\/zmarla-ewa-stelmaszczyk\/\">Read More&#8230;<\/a><\/p>\n","protected":false},"author":825,"featured_media":1679,"comment_status":"open","ping_status":"open","sticky":false,"template":"","format":"standard","meta":{"_expiration-date-status":"","_expiration-date":0,"_expiration-date-type":"","_expiration-date-categories":[],"_expiration-date-options":[]},"categories":[120],"tags":[],"acf":[],"_links":{"self":[{"href":"https:\/\/us.edu.pl\/instytut\/iim\/wp-json\/wp\/v2\/posts\/4567"}],"collection":[{"href":"https:\/\/us.edu.pl\/instytut\/iim\/wp-json\/wp\/v2\/posts"}],"about":[{"href":"https:\/\/us.edu.pl\/instytut\/iim\/wp-json\/wp\/v2\/types\/post"}],"author":[{"embeddable":true,"href":"https:\/\/us.edu.pl\/instytut\/iim\/wp-json\/wp\/v2\/users\/825"}],"replies":[{"embeddable":true,"href":"https:\/\/us.edu.pl\/instytut\/iim\/wp-json\/wp\/v2\/comments?post=4567"}],"version-history":[{"count":3,"href":"https:\/\/us.edu.pl\/instytut\/iim\/wp-json\/wp\/v2\/posts\/4567\/revisions"}],"predecessor-version":[{"id":4570,"href":"https:\/\/us.edu.pl\/instytut\/iim\/wp-json\/wp\/v2\/posts\/4567\/revisions\/4570"}],"wp:featuredmedia":[{"embeddable":true,"href":"https:\/\/us.edu.pl\/instytut\/iim\/wp-json\/wp\/v2\/media\/1679"}],"wp:attachment":[{"href":"https:\/\/us.edu.pl\/instytut\/iim\/wp-json\/wp\/v2\/media?parent=4567"}],"wp:term":[{"taxonomy":"category","embeddable":true,"href":"https:\/\/us.edu.pl\/instytut\/iim\/wp-json\/wp\/v2\/categories?post=4567"},{"taxonomy":"post_tag","embeddable":true,"href":"https:\/\/us.edu.pl\/instytut\/iim\/wp-json\/wp\/v2\/tags?post=4567"}],"curies":[{"name":"wp","href":"https:\/\/api.w.org\/{rel}","templated":true}]}}