{"id":2664,"date":"2022-12-28T11:17:29","date_gmt":"2022-12-28T10:17:29","guid":{"rendered":"https:\/\/us.edu.pl\/instytut\/ij\/?p=2664"},"modified":"2022-12-28T14:22:26","modified_gmt":"2022-12-28T13:22:26","slug":"zmarla-prof-urszula-zydek-bednarczuk","status":"publish","type":"post","link":"https:\/\/us.edu.pl\/instytut\/ij\/2022\/12\/28\/zmarla-prof-urszula-zydek-bednarczuk\/","title":{"rendered":"Zmar\u0142a prof. Urszula \u017bydek-Bednarczuk"},"content":{"rendered":"<p>[vc_row][vc_column width=&#8221;2\/3&#8243;]\r\n                <div class=\"text-modules\">\r\n                    <div class=\"container\">\r\n                        \r\n                        <div class=\"text-modules__content\"><p><!--break--><\/p>\n<table style=\"margin: auto; border: 3px solid #000000;\" width=\"90%\" cellspacing=\"1\" cellpadding=\"1\">\n<tbody>\n<tr>\n<td style=\"text-align: center;\">&nbsp;<\/p>\n<p>Z g\u0142\u0119bokim smutkiem<br \/>\nprzyj\u0119li\u015bmy wiadomo\u015b\u0107 o \u015bmierci<\/p>\n<p><strong>\u015bp.<\/strong><br \/>\n<strong>Prof. dr hab. Urszuli \u017bydek-Bednarczuk<\/strong><\/p>\n<p>&nbsp;<\/p>\n<p>wa\u017cnej postaci polskiego j\u0119zykoznawstwa,<br \/>\nautorki licznych prac z zakresu lingwistyki dyskursu,<br \/>\nstylistyki, tekstologii, genologii lingwistycznej<br \/>\noraz mediolingwistyki,<br \/>\nuczestniczki bada\u0144 i konferencji organizowanych<br \/>\nw naszym \u015brodowisku,<br \/>\na dla wielu z nas \u2013 drogiej Kole\u017canki.<\/p>\n<p>&nbsp;<\/p>\n<p>Wyrazy g\u0142\u0119bokiego wsp\u00f3\u0142czucia sk\u0142adamy<\/p>\n<p><strong>Rodzinie i Najbli\u017cszym<\/strong><\/p>\n<p>&nbsp;<\/p>\n<p><strong>Dyrekcja i pracownicy Instytutu J\u0119zykoznawstwa<\/strong><br \/>\n<strong>Uniwersytetu \u015al\u0105skiego<\/strong><\/p>\n<p>&nbsp;<\/p>\n<p>&nbsp;<\/td>\n<\/tr>\n<\/tbody>\n<\/table>\n<p>\n<\/div>\r\n                    <\/div>\r\n                <\/div>[vc_separator]\r\n                <div class=\"text-modules\">\r\n                    <div class=\"container\">\r\n                        \r\n                        <div class=\"text-modules__content\"><p>Msza \u015bwi\u0119ta \u017ca\u0142obna odprawiona zostanie 31 grudnia 2022 r. o godz. 13.00 w ko\u015bciele w Kroczycach (ko\u0142o Zawiercia).<\/p>\n<\/div>\r\n                    <\/div>\r\n                <\/div>[\/vc_column][vc_column width=&#8221;1\/3&#8243;]\r\n                <div class=\"text-modules\">\r\n                    <div class=\"container\">\r\n                        \r\n                        <div class=\"text-modules__content\"><\/p>\n<p><img class=\"alignnone wp-image-2666 size-full\" src=\"https:\/\/us.edu.pl\/instytut\/ij\/wp-content\/uploads\/sites\/25\/Bez-kategorii\/joanna-kosinska-HdVIGmYhUsA-unsplash-1.jpg\" alt=\"zapalony znicz\" width=\"100%\" height=\"auto\" srcset=\"https:\/\/us.edu.pl\/instytut\/ij\/wp-content\/uploads\/sites\/25\/Bez-kategorii\/joanna-kosinska-HdVIGmYhUsA-unsplash-1.jpg 690w, https:\/\/us.edu.pl\/instytut\/ij\/wp-content\/uploads\/sites\/25\/Bez-kategorii\/joanna-kosinska-HdVIGmYhUsA-unsplash-1-300x174.jpg 300w, https:\/\/us.edu.pl\/instytut\/ij\/wp-content\/uploads\/sites\/25\/Bez-kategorii\/joanna-kosinska-HdVIGmYhUsA-unsplash-1-575x333.jpg 575w\" sizes=\"(max-width: 690px) 100vw, 690px\" \/><\/p>\n<\/div>\r\n                    <\/div>\r\n                <\/div>[\/vc_column][\/vc_row]<\/p>","protected":false},"excerpt":{"rendered":"<p>[vc_row][vc_column width=&#8221;2\/3&#8243;][vc_separator][\/vc_column][vc_column width=&#8221;1\/3&#8243;][\/vc_column][\/vc_row] [&#8230;]<\/p>\n<p><a class=\"btn btn-secondary understrap-read-more-link\" href=\"https:\/\/us.edu.pl\/instytut\/ij\/2022\/12\/28\/zmarla-prof-urszula-zydek-bednarczuk\/\">Read More&#8230;<\/a><\/p>\n","protected":false},"author":4930,"featured_media":2666,"comment_status":"open","ping_status":"open","sticky":false,"template":"","format":"standard","meta":{"_expiration-date-status":"","_expiration-date":0,"_expiration-date-type":"","_expiration-date-categories":[],"_expiration-date-options":[]},"categories":[8],"tags":[],"acf":[],"_links":{"self":[{"href":"https:\/\/us.edu.pl\/instytut\/ij\/wp-json\/wp\/v2\/posts\/2664"}],"collection":[{"href":"https:\/\/us.edu.pl\/instytut\/ij\/wp-json\/wp\/v2\/posts"}],"about":[{"href":"https:\/\/us.edu.pl\/instytut\/ij\/wp-json\/wp\/v2\/types\/post"}],"author":[{"embeddable":true,"href":"https:\/\/us.edu.pl\/instytut\/ij\/wp-json\/wp\/v2\/users\/4930"}],"replies":[{"embeddable":true,"href":"https:\/\/us.edu.pl\/instytut\/ij\/wp-json\/wp\/v2\/comments?post=2664"}],"version-history":[{"count":3,"href":"https:\/\/us.edu.pl\/instytut\/ij\/wp-json\/wp\/v2\/posts\/2664\/revisions"}],"predecessor-version":[{"id":2668,"href":"https:\/\/us.edu.pl\/instytut\/ij\/wp-json\/wp\/v2\/posts\/2664\/revisions\/2668"}],"wp:featuredmedia":[{"embeddable":true,"href":"https:\/\/us.edu.pl\/instytut\/ij\/wp-json\/wp\/v2\/media\/2666"}],"wp:attachment":[{"href":"https:\/\/us.edu.pl\/instytut\/ij\/wp-json\/wp\/v2\/media?parent=2664"}],"wp:term":[{"taxonomy":"category","embeddable":true,"href":"https:\/\/us.edu.pl\/instytut\/ij\/wp-json\/wp\/v2\/categories?post=2664"},{"taxonomy":"post_tag","embeddable":true,"href":"https:\/\/us.edu.pl\/instytut\/ij\/wp-json\/wp\/v2\/tags?post=2664"}],"curies":[{"name":"wp","href":"https:\/\/api.w.org\/{rel}","templated":true}]}}