{"id":2239,"date":"2021-01-08T15:06:07","date_gmt":"2021-01-08T14:06:07","guid":{"rendered":"https:\/\/us.edu.pl\/instytut\/il\/?p=2239"},"modified":"2021-01-08T15:06:07","modified_gmt":"2021-01-08T14:06:07","slug":"o-swiecie-w-czasie-pandemii-wyznania-zwyrodnialego-nauczyciela-spotkanie-z-prof-tadeuszem-slawkiem-online","status":"publish","type":"post","link":"https:\/\/us.edu.pl\/instytut\/il\/2021\/01\/08\/o-swiecie-w-czasie-pandemii-wyznania-zwyrodnialego-nauczyciela-spotkanie-z-prof-tadeuszem-slawkiem-online\/","title":{"rendered":"\u2018O \u015bwiecie w czasie pandemii. Wyznania \u201ezwyrodnia\u0142ego nauczyciela\u201d\u2019 \u2013 spotkanie z prof. Tadeuszem S\u0142awkiem (online)"},"content":{"rendered":"<p>[vc_row][vc_column width=&#8221;2\/3&#8243;]\r\n                <div class=\"text-modules\">\r\n                    <div class=\"container\">\r\n                        \r\n                        <div class=\"text-modules__content\"><p>11 stycznia 2021 r. (godz. 20.00, MS Teams) odb\u0119dzie si\u0119 spotkanie online z <strong>prof. Tadeuszem S\u0142awkiem<\/strong> zatytu\u0142owane 'O \u015bwiecie w czasie pandemii. Wyznania \u201ezwyrodnia\u0142ego nauczyciela\u201d&#8217;.<\/p>\n<p>Wydarzenie organizowane jest przez <a href=\"http:\/\/www.klubtygodnika.pl\/o-swiecie-w-czasie-pandemii-wyznania-zwyrodnialego-nauczyciela\/\">Katowicki Klub \u201eTygodnika Powszechnego\u201d<\/a>.<\/p>\n<p>Link do spotkania znajduje si\u0119 <a href=\"https:\/\/teams.microsoft.com\/dl\/launcher\/launcher.html?url=%2F_%23%2Fl%2Fmeetup-join%2F19%3Ameeting_Yjk3M2Y3NDEtN2Y3Zi00ZmNhLWI3MDItYzZhNzVmOTcxMmY2%40thread.v2%2F0%3Fcontext%3D%257B%2522Tid%2522%253A%252276aa8ad1-e550-49ff-9370-1bb671baabcd%2522%252C%2522Oid%2522%253A%252271ff3060-73cf-46c4-b3ec-a91d637d4586%2522%257D%26fbclid%3DIwAR2bAVJW3MqwoNGfiQYz_U6MCP8BxDC7rBbWaUm-ykS08zX8IZsYS44wQKo%26anon%3Dtrue&amp;type=meetup-join&amp;deeplinkId=acd86e74-245a-44ca-9b6d-fc6d25e74363&amp;directDl=true&amp;msLaunch=true&amp;enableMobilePage=true&amp;suppressPrompt=true\">tutaj<\/a>.<\/p>\n<\/div>\r\n                    <\/div>\r\n                <\/div>[\/vc_column][vc_column width=&#8221;1\/3&#8243;]\r\n                <div class=\"text-modules\">\r\n                    <div class=\"container\">\r\n                        \r\n                        <div class=\"text-modules__content\"><p><img class=\"alignnone size-medium wp-image-2240\" src=\"https:\/\/us.edu.pl\/instytut\/il\/wp-content\/uploads\/sites\/27\/Nieprzypisane\/nauczyciel-300x200.jpg\" alt=\"posta\u0107 m\u0119\u017cczyzny stoj\u0105cego na drodze, trzymaj\u0105cego w r\u0119ku ksi\u0105\u017ck\u0119, nios\u0105cego torb\u0119\" width=\"300\" height=\"200\" srcset=\"https:\/\/us.edu.pl\/instytut\/il\/wp-content\/uploads\/sites\/27\/Nieprzypisane\/nauczyciel-300x200.jpg 300w, https:\/\/us.edu.pl\/instytut\/il\/wp-content\/uploads\/sites\/27\/Nieprzypisane\/nauczyciel-575x384.jpg 575w, https:\/\/us.edu.pl\/instytut\/il\/wp-content\/uploads\/sites\/27\/Nieprzypisane\/nauczyciel.jpg 640w\" sizes=\"(max-width: 300px) 100vw, 300px\" \/><\/p>\n<\/div>\r\n                    <\/div>\r\n                <\/div>[\/vc_column][\/vc_row]<\/p>","protected":false},"excerpt":{"rendered":"<p>[vc_row][vc_column width=&#8221;2\/3&#8243;][\/vc_column][vc_column width=&#8221;1\/3&#8243;][\/vc_column][\/vc_row] [&#8230;]<\/p>\n<p><a class=\"btn btn-secondary understrap-read-more-link\" href=\"https:\/\/us.edu.pl\/instytut\/il\/2021\/01\/08\/o-swiecie-w-czasie-pandemii-wyznania-zwyrodnialego-nauczyciela-spotkanie-z-prof-tadeuszem-slawkiem-online\/\">Read More&#8230;<\/a><\/p>\n","protected":false},"author":2113,"featured_media":2240,"comment_status":"open","ping_status":"open","sticky":false,"template":"","format":"standard","meta":{"_expiration-date-status":"saved","_expiration-date":0,"_expiration-date-type":"","_expiration-date-categories":[],"_expiration-date-options":[]},"categories":[9],"tags":[48,49],"acf":[],"_links":{"self":[{"href":"https:\/\/us.edu.pl\/instytut\/il\/wp-json\/wp\/v2\/posts\/2239"}],"collection":[{"href":"https:\/\/us.edu.pl\/instytut\/il\/wp-json\/wp\/v2\/posts"}],"about":[{"href":"https:\/\/us.edu.pl\/instytut\/il\/wp-json\/wp\/v2\/types\/post"}],"author":[{"embeddable":true,"href":"https:\/\/us.edu.pl\/instytut\/il\/wp-json\/wp\/v2\/users\/2113"}],"replies":[{"embeddable":true,"href":"https:\/\/us.edu.pl\/instytut\/il\/wp-json\/wp\/v2\/comments?post=2239"}],"version-history":[{"count":1,"href":"https:\/\/us.edu.pl\/instytut\/il\/wp-json\/wp\/v2\/posts\/2239\/revisions"}],"predecessor-version":[{"id":2241,"href":"https:\/\/us.edu.pl\/instytut\/il\/wp-json\/wp\/v2\/posts\/2239\/revisions\/2241"}],"wp:featuredmedia":[{"embeddable":true,"href":"https:\/\/us.edu.pl\/instytut\/il\/wp-json\/wp\/v2\/media\/2240"}],"wp:attachment":[{"href":"https:\/\/us.edu.pl\/instytut\/il\/wp-json\/wp\/v2\/media?parent=2239"}],"wp:term":[{"taxonomy":"category","embeddable":true,"href":"https:\/\/us.edu.pl\/instytut\/il\/wp-json\/wp\/v2\/categories?post=2239"},{"taxonomy":"post_tag","embeddable":true,"href":"https:\/\/us.edu.pl\/instytut\/il\/wp-json\/wp\/v2\/tags?post=2239"}],"curies":[{"name":"wp","href":"https:\/\/api.w.org\/{rel}","templated":true}]}}