{"id":2743,"date":"2021-04-14T16:53:11","date_gmt":"2021-04-14T14:53:11","guid":{"rendered":"https:\/\/us.edu.pl\/instytut\/il\/?p=2743"},"modified":"2021-04-14T16:53:11","modified_gmt":"2021-04-14T14:53:11","slug":"zaproszenie-na-spotkanie-z-pisarzem-matthiasem-kneipem-ms-teams","status":"publish","type":"post","link":"https:\/\/us.edu.pl\/instytut\/il\/2021\/04\/14\/zaproszenie-na-spotkanie-z-pisarzem-matthiasem-kneipem-ms-teams\/","title":{"rendered":"Zaproszenie na spotkanie z pisarzem Matthiasem Kneipem (MS Teams)"},"content":{"rendered":"<p>[vc_row][vc_column width=&#8221;2\/3&#8243;]\r\n                <div class=\"text-modules\">\r\n                    <div class=\"container\">\r\n                        \r\n                        <div class=\"text-modules__content\"><p><span style=\"font-size: 12pt\"><strong>Serdecznie zapraszamy na<\/strong> <strong>spotkanie autorskie z pisarzem Matthiasem Kneipem<\/strong>: <\/span><\/p>\n<p><span style=\"font-size: 12pt\">23 kwietnia (pi\u0105tek) w godzinach 17.00-18.30 na platformie MS Teams. <\/span><\/p>\n<p><span style=\"font-size: 12pt\">Spotkanie b\u0119dzie po\u015bwi\u0119cone ksi\u0105\u017cce &#8222;111 powod\u00f3w, by kocha\u0107 Polsk\u0119.&#8221; <\/span><\/p>\n<p><span style=\"font-size: 12pt\">Prosimy o wcze\u015bniejsze zg\u0142oszenie ch\u0119ci uczestnictwa na adres mejlowy: <a href=\"mailto:nina.nowara@us.edu.pl\">nina.nowara@us.edu.pl<\/a><\/span><\/p>\n<\/div>\r\n                    <\/div>\r\n                <\/div>[\/vc_column][vc_column width=&#8221;1\/3&#8243;][\/vc_column][\/vc_row][vc_row][vc_column]\r\n                <div class=\"text-modules\">\r\n                    <div class=\"container\">\r\n                        \r\n                        <div class=\"text-modules__content\"><p><img class=\"aligncenter wp-image-2744 size-large\" src=\"https:\/\/us.edu.pl\/instytut\/il\/wp-content\/uploads\/sites\/27\/Nieprzypisane\/Matthias-Kneip_Zaproszenie-1024x576.jpg\" alt=\"Mathhias Kneip zaproszenie na spotkanie autorskie\" width=\"640\" height=\"360\" srcset=\"https:\/\/us.edu.pl\/instytut\/il\/wp-content\/uploads\/sites\/27\/Nieprzypisane\/Matthias-Kneip_Zaproszenie-1024x576.jpg 1024w, https:\/\/us.edu.pl\/instytut\/il\/wp-content\/uploads\/sites\/27\/Nieprzypisane\/Matthias-Kneip_Zaproszenie-300x169.jpg 300w, https:\/\/us.edu.pl\/instytut\/il\/wp-content\/uploads\/sites\/27\/Nieprzypisane\/Matthias-Kneip_Zaproszenie-768x432.jpg 768w, https:\/\/us.edu.pl\/instytut\/il\/wp-content\/uploads\/sites\/27\/Nieprzypisane\/Matthias-Kneip_Zaproszenie-575x323.jpg 575w, https:\/\/us.edu.pl\/instytut\/il\/wp-content\/uploads\/sites\/27\/Nieprzypisane\/Matthias-Kneip_Zaproszenie.jpg 1280w\" sizes=\"(max-width: 640px) 100vw, 640px\" \/><\/p>\n<\/div>\r\n                    <\/div>\r\n                <\/div>[\/vc_column][\/vc_row]<\/p>","protected":false},"excerpt":{"rendered":"<p>[vc_row][vc_column width=&#8221;2\/3&#8243;][\/vc_column][vc_column width=&#8221;1\/3&#8243;][\/vc_column][\/vc_row][vc_row][vc_column][\/vc_column][\/vc_row] [&#8230;]<\/p>\n<p><a class=\"btn btn-secondary understrap-read-more-link\" href=\"https:\/\/us.edu.pl\/instytut\/il\/2021\/04\/14\/zaproszenie-na-spotkanie-z-pisarzem-matthiasem-kneipem-ms-teams\/\">Read More&#8230;<\/a><\/p>\n","protected":false},"author":2113,"featured_media":2744,"comment_status":"open","ping_status":"open","sticky":false,"template":"","format":"standard","meta":{"_expiration-date-status":"saved","_expiration-date":0,"_expiration-date-type":"","_expiration-date-categories":[],"_expiration-date-options":[]},"categories":[9],"tags":[34,49],"acf":[],"_links":{"self":[{"href":"https:\/\/us.edu.pl\/instytut\/il\/wp-json\/wp\/v2\/posts\/2743"}],"collection":[{"href":"https:\/\/us.edu.pl\/instytut\/il\/wp-json\/wp\/v2\/posts"}],"about":[{"href":"https:\/\/us.edu.pl\/instytut\/il\/wp-json\/wp\/v2\/types\/post"}],"author":[{"embeddable":true,"href":"https:\/\/us.edu.pl\/instytut\/il\/wp-json\/wp\/v2\/users\/2113"}],"replies":[{"embeddable":true,"href":"https:\/\/us.edu.pl\/instytut\/il\/wp-json\/wp\/v2\/comments?post=2743"}],"version-history":[{"count":5,"href":"https:\/\/us.edu.pl\/instytut\/il\/wp-json\/wp\/v2\/posts\/2743\/revisions"}],"predecessor-version":[{"id":2749,"href":"https:\/\/us.edu.pl\/instytut\/il\/wp-json\/wp\/v2\/posts\/2743\/revisions\/2749"}],"wp:featuredmedia":[{"embeddable":true,"href":"https:\/\/us.edu.pl\/instytut\/il\/wp-json\/wp\/v2\/media\/2744"}],"wp:attachment":[{"href":"https:\/\/us.edu.pl\/instytut\/il\/wp-json\/wp\/v2\/media?parent=2743"}],"wp:term":[{"taxonomy":"category","embeddable":true,"href":"https:\/\/us.edu.pl\/instytut\/il\/wp-json\/wp\/v2\/categories?post=2743"},{"taxonomy":"post_tag","embeddable":true,"href":"https:\/\/us.edu.pl\/instytut\/il\/wp-json\/wp\/v2\/tags?post=2743"}],"curies":[{"name":"wp","href":"https:\/\/api.w.org\/{rel}","templated":true}]}}