{"id":3774,"date":"2022-05-30T15:10:04","date_gmt":"2022-05-30T13:10:04","guid":{"rendered":"https:\/\/us.edu.pl\/instytut\/il\/?p=3774"},"modified":"2022-05-30T15:10:04","modified_gmt":"2022-05-30T13:10:04","slug":"grant-mein-dla-dr-hab-lucyny-sadzikowskiej-prof-us","status":"publish","type":"post","link":"https:\/\/us.edu.pl\/instytut\/il\/2022\/05\/30\/grant-mein-dla-dr-hab-lucyny-sadzikowskiej-prof-us\/","title":{"rendered":"Grant MEIN dla dr hab. Lucyny Sadzikowskiej, prof. U\u015a"},"content":{"rendered":"<p>[vc_row][vc_column width=&#8221;2\/3&#8243;]\r\n                <div class=\"text-modules\">\r\n                    <div class=\"container\">\r\n                        \r\n                        <div class=\"text-modules__content\"><p><span style=\"font-size: 12pt;\">Mi\u0142o nam poinformowa\u0107, \u017ce w konkursie Ministerstwa Edukacji i Nauki zakwalifikowany do finansowania zosta\u0142 wniosek <a href=\"https:\/\/us.edu.pl\/instytut\/il\/osoby\/lucyna-sadzikowska\/\">dr hab. Lucyny Sadzikowskiej, prof. U\u015a<\/a> zatytu\u0142owany: <em>Patriotyzm i pami\u0119\u0107 w wybranych egodokumentach Archiwum Pa\u0144stwowego Muzeum Auschwitz-Birkenau<\/em> NdS\/539391\/2021\/2021.<\/span><\/p>\n<p><span style=\"font-size: 12pt;\">Grant przyznano w ramach konkursu <em>Nauka dla Spo\u0142ecze\u0144stwa<\/em>.<\/span><\/p>\n<p><span style=\"font-size: 12pt;\">Przyznana kwota: 212 000 z\u0142<\/span><\/p>\n<p><span style=\"font-size: 12pt;\">Opis projektu:<\/span><\/p>\n<p><span style=\"font-size: 12pt;\">Projekt zak\u0142ada naukowe opracowanie unikatowego zasobu \u017ar\u00f3d\u0142owego, istotnego dla humanistyki, jego ochron\u0119, upowszechnienie i w\u0142\u0105czenie do \u017cywej tradycji kultury i historii narodowej. Materia\u0142ow\u0105 podstaw\u0105 bada\u0144 s\u0105 teksty autorstwa wi\u0119\u017ani\u00f3w obozu koncentracyjnego Auschwitz-Birkenau. Projekt stawia sobie za cel transkrypcj\u0119, opracowanie i opatrzenie aparatem krytycznym, historyczno-filologicznym, dwuj\u0119zyczn\u0105 publikacj\u0119 dokument\u00f3w, a tak\u017ce przygotowanie seminarium naukowego, wystawy, strony internetowej i scenariuszy lekcji szkolnych oraz uczestnictwo w spotkaniach z m\u0142odzie\u017c\u0105 szkoln\u0105.<\/span><\/p>\n<\/div>\r\n                    <\/div>\r\n                <\/div>[\/vc_column][vc_column width=&#8221;1\/3&#8243;]\r\n                <div class=\"text-modules\">\r\n                    <div class=\"container\">\r\n                        \r\n                        <div class=\"text-modules__content\"><p><img class=\"alignnone wp-image-3775\" src=\"https:\/\/us.edu.pl\/instytut\/il\/wp-content\/uploads\/sites\/27\/Bez-kategorii\/mein-logotyp-300x300.jpg\" alt=\"ministerstwo edukacji i nauki napis w towarzystwie god\u0142a Polski\" width=\"400\" height=\"400\" srcset=\"https:\/\/us.edu.pl\/instytut\/il\/wp-content\/uploads\/sites\/27\/Bez-kategorii\/mein-logotyp-300x300.jpg 300w, https:\/\/us.edu.pl\/instytut\/il\/wp-content\/uploads\/sites\/27\/Bez-kategorii\/mein-logotyp-150x150.jpg 150w, https:\/\/us.edu.pl\/instytut\/il\/wp-content\/uploads\/sites\/27\/Bez-kategorii\/mein-logotyp-768x768.jpg 768w, https:\/\/us.edu.pl\/instytut\/il\/wp-content\/uploads\/sites\/27\/Bez-kategorii\/mein-logotyp-575x575.jpg 575w, https:\/\/us.edu.pl\/instytut\/il\/wp-content\/uploads\/sites\/27\/Bez-kategorii\/mein-logotyp.jpg 800w\" sizes=\"(max-width: 400px) 100vw, 400px\" \/><\/p>\n<\/div>\r\n                    <\/div>\r\n                <\/div>[\/vc_column][\/vc_row]<\/p>","protected":false},"excerpt":{"rendered":"<p>[vc_row][vc_column width=&#8221;2\/3&#8243;][\/vc_column][vc_column width=&#8221;1\/3&#8243;][\/vc_column][\/vc_row] [&#8230;]<\/p>\n<p><a class=\"btn btn-secondary understrap-read-more-link\" href=\"https:\/\/us.edu.pl\/instytut\/il\/2022\/05\/30\/grant-mein-dla-dr-hab-lucyny-sadzikowskiej-prof-us\/\">Read More&#8230;<\/a><\/p>\n","protected":false},"author":2113,"featured_media":2149,"comment_status":"open","ping_status":"open","sticky":false,"template":"","format":"standard","meta":{"_expiration-date-status":"","_expiration-date":0,"_expiration-date-type":"","_expiration-date-categories":[],"_expiration-date-options":[]},"categories":[9],"tags":[162,163],"acf":[],"_links":{"self":[{"href":"https:\/\/us.edu.pl\/instytut\/il\/wp-json\/wp\/v2\/posts\/3774"}],"collection":[{"href":"https:\/\/us.edu.pl\/instytut\/il\/wp-json\/wp\/v2\/posts"}],"about":[{"href":"https:\/\/us.edu.pl\/instytut\/il\/wp-json\/wp\/v2\/types\/post"}],"author":[{"embeddable":true,"href":"https:\/\/us.edu.pl\/instytut\/il\/wp-json\/wp\/v2\/users\/2113"}],"replies":[{"embeddable":true,"href":"https:\/\/us.edu.pl\/instytut\/il\/wp-json\/wp\/v2\/comments?post=3774"}],"version-history":[{"count":1,"href":"https:\/\/us.edu.pl\/instytut\/il\/wp-json\/wp\/v2\/posts\/3774\/revisions"}],"predecessor-version":[{"id":3776,"href":"https:\/\/us.edu.pl\/instytut\/il\/wp-json\/wp\/v2\/posts\/3774\/revisions\/3776"}],"wp:featuredmedia":[{"embeddable":true,"href":"https:\/\/us.edu.pl\/instytut\/il\/wp-json\/wp\/v2\/media\/2149"}],"wp:attachment":[{"href":"https:\/\/us.edu.pl\/instytut\/il\/wp-json\/wp\/v2\/media?parent=3774"}],"wp:term":[{"taxonomy":"category","embeddable":true,"href":"https:\/\/us.edu.pl\/instytut\/il\/wp-json\/wp\/v2\/categories?post=3774"},{"taxonomy":"post_tag","embeddable":true,"href":"https:\/\/us.edu.pl\/instytut\/il\/wp-json\/wp\/v2\/tags?post=3774"}],"curies":[{"name":"wp","href":"https:\/\/api.w.org\/{rel}","templated":true}]}}