{"id":3800,"date":"2022-06-07T15:06:02","date_gmt":"2022-06-07T13:06:02","guid":{"rendered":"https:\/\/us.edu.pl\/instytut\/il\/?p=3800"},"modified":"2022-06-07T15:06:02","modified_gmt":"2022-06-07T13:06:02","slug":"wreczenie-zlotego-krzyza-zaslugi-oraz-medali-komisji-edukacji-narodowej-pracownikom-wydzialu-humanistycznego","status":"publish","type":"post","link":"https:\/\/us.edu.pl\/instytut\/il\/2022\/06\/07\/wreczenie-zlotego-krzyza-zaslugi-oraz-medali-komisji-edukacji-narodowej-pracownikom-wydzialu-humanistycznego\/","title":{"rendered":"Wr\u0119czenie Z\u0142otego Krzy\u017ca Zas\u0142ugi oraz Medali Komisji Edukacji Narodowej pracownikom Wydzia\u0142u Humanistycznego"},"content":{"rendered":"<p>[vc_row][vc_column width=&#8221;2\/3&#8243;]\r\n                <div class=\"text-modules\">\r\n                    <div class=\"container\">\r\n                        \r\n                        <div class=\"text-modules__content\"><p><span style=\"font-size: 12pt;\">Mi\u0142o nam poinformowa\u0107, \u017ce 3 czerwca 2022 roku przewodnicz\u0105cy Komitetu Okr\u0119gowego w Katowicach, <a href=\"https:\/\/us.edu.pl\/instytut\/il\/osoby\/marian-kisiel\/\">prof. dr hab. Marian Kisiel<\/a> (Instytut Literaturoznawstwa), odebra\u0142 Z\u0142oty Krzy\u017c Zas\u0142ugi. <\/span><\/p>\n<p><span style=\"font-size: 12pt;\">Medalami Komisji Edukacji Narodowej wyr\u00f3\u017cnieni zostali cz\u0142onkowie zespo\u0142u: <a href=\"https:\/\/us.edu.pl\/instytut\/ij\/osoby\/aleksandra-janowska\/\">prof. dr hab. Aleksandra Janowska<\/a> (Instytut J\u0119zykoznawstwa), <a href=\"https:\/\/us.edu.pl\/instytut\/il\/osoby\/mariola-jarczykowa\/\">prof. dr hab. Mariola Jarczyk <\/a>(Instytut Literaturoznawstwa), <a href=\"https:\/\/us.edu.pl\/instytut\/ij\/osoby\/aleksandra-niewiara\/\">prof. dr hab. Aleksandra Niewiara<\/a> (Instytut J\u0119zykoznawstwa), <a href=\"https:\/\/us.edu.pl\/instytut\/il\/osoby\/piotr-bogalecki\/\">dr hab. Piotr Bogalecki, prof. U\u015a<\/a> <a href=\"https:\/\/us.edu.pl\/instytut\/il\/osoby\/piotr-bogalecki\/\">(Instytut Literaturoznawstwa)<\/a>, <a href=\"https:\/\/us.edu.pl\/instytut\/inok\/osoby\/dorota-fox\/\"> dr hab. Dorota Fox, prof. U\u015a<\/a> (Instytut Nauk o Kulturze), <a href=\"https:\/\/us.edu.pl\/instytut\/il\/osoby\/beata-mytych-forajter\/\">dr hab. Beata Mytych-Forajter, prof. U\u015a<\/a> (Instytut Literaturoznawstwa), <a href=\"https:\/\/us.edu.pl\/instytut\/il\/osoby\/malgorzata-wojcik-dudek\/\">dr hab. Ma\u0142gorzata W\u00f3jcik-Dudek, prof. U\u015a<\/a> (Instytut Literaturoznawstwa) oraz <a href=\"https:\/\/us.edu.pl\/instytut\/il\/osoby\/magdalena-kokoszka\/\">dr Magdalena Kokoszka <\/a>(Instytut Literaturoznawstwa).<\/span><\/p>\n<p><span style=\"font-size: 12pt;\">Odznaczenia zosta\u0142y przyznane w uznaniu zas\u0142ug juror\u00f3w Komitetu Okr\u0119gowego, kt\u00f3rych praca s\u0142u\u017cy popularyzacji Olimpiady Literatury i J\u0119zyka Polskiego oraz rozwijaniu zainteresowa\u0144 uczni\u00f3w wiedz\u0105 humanistyczn\u0105 z zakresu literaturoznawstwa, j\u0119zykoznawstwa i wiedzy o teatrze.<\/span><\/p>\n<p><span style=\"font-size: 12pt;\">Serdecznie gratulujemy!<\/span><\/p>\n<\/div>\r\n                    <\/div>\r\n                <\/div>[\/vc_column][vc_column width=&#8221;1\/3&#8243;]\r\n                <div class=\"text-modules\">\r\n                    <div class=\"container\">\r\n                        \r\n                        <div class=\"text-modules__content\"><\/p>\n<figure id=\"attachment_3801\" aria-describedby=\"caption-attachment-3801\" style=\"width: 640px\" class=\"wp-caption alignnone\"><img class=\"wp-image-3801 size-large\" src=\"https:\/\/us.edu.pl\/instytut\/il\/wp-content\/uploads\/sites\/27\/Bez-kategorii\/medale-i-zloty-krzyz-1024x576.jpg\" alt=\"wyr\u00f3\u017cnieni z\u0142otym krzy\u017cem zas\u0142ugi i medalami\" width=\"640\" height=\"360\" srcset=\"https:\/\/us.edu.pl\/instytut\/il\/wp-content\/uploads\/sites\/27\/Bez-kategorii\/medale-i-zloty-krzyz-1024x576.jpg 1024w, https:\/\/us.edu.pl\/instytut\/il\/wp-content\/uploads\/sites\/27\/Bez-kategorii\/medale-i-zloty-krzyz-300x169.jpg 300w, https:\/\/us.edu.pl\/instytut\/il\/wp-content\/uploads\/sites\/27\/Bez-kategorii\/medale-i-zloty-krzyz-768x432.jpg 768w, https:\/\/us.edu.pl\/instytut\/il\/wp-content\/uploads\/sites\/27\/Bez-kategorii\/medale-i-zloty-krzyz-575x323.jpg 575w, https:\/\/us.edu.pl\/instytut\/il\/wp-content\/uploads\/sites\/27\/Bez-kategorii\/medale-i-zloty-krzyz.jpg 1440w\" sizes=\"(max-width: 640px) 100vw, 640px\" \/><figcaption id=\"caption-attachment-3801\" class=\"wp-caption-text\"><span style=\"font-size: 8pt;\">fot. archiwum prywatne prof. dr. hab. Mariana Kisiela<\/span><\/figcaption><\/figure>\n<p>\n<\/div>\r\n                    <\/div>\r\n                <\/div>[\/vc_column][\/vc_row]<\/p>","protected":false},"excerpt":{"rendered":"<p>[vc_row][vc_column width=&#8221;2\/3&#8243;][\/vc_column][vc_column width=&#8221;1\/3&#8243;][\/vc_column][\/vc_row] [&#8230;]<\/p>\n<p><a class=\"btn btn-secondary understrap-read-more-link\" href=\"https:\/\/us.edu.pl\/instytut\/il\/2022\/06\/07\/wreczenie-zlotego-krzyza-zaslugi-oraz-medali-komisji-edukacji-narodowej-pracownikom-wydzialu-humanistycznego\/\">Read More&#8230;<\/a><\/p>\n","protected":false},"author":2113,"featured_media":3087,"comment_status":"open","ping_status":"open","sticky":false,"template":"","format":"standard","meta":{"_expiration-date-status":"","_expiration-date":0,"_expiration-date-type":"","_expiration-date-categories":[],"_expiration-date-options":[]},"categories":[9],"tags":[],"acf":[],"_links":{"self":[{"href":"https:\/\/us.edu.pl\/instytut\/il\/wp-json\/wp\/v2\/posts\/3800"}],"collection":[{"href":"https:\/\/us.edu.pl\/instytut\/il\/wp-json\/wp\/v2\/posts"}],"about":[{"href":"https:\/\/us.edu.pl\/instytut\/il\/wp-json\/wp\/v2\/types\/post"}],"author":[{"embeddable":true,"href":"https:\/\/us.edu.pl\/instytut\/il\/wp-json\/wp\/v2\/users\/2113"}],"replies":[{"embeddable":true,"href":"https:\/\/us.edu.pl\/instytut\/il\/wp-json\/wp\/v2\/comments?post=3800"}],"version-history":[{"count":1,"href":"https:\/\/us.edu.pl\/instytut\/il\/wp-json\/wp\/v2\/posts\/3800\/revisions"}],"predecessor-version":[{"id":3802,"href":"https:\/\/us.edu.pl\/instytut\/il\/wp-json\/wp\/v2\/posts\/3800\/revisions\/3802"}],"wp:featuredmedia":[{"embeddable":true,"href":"https:\/\/us.edu.pl\/instytut\/il\/wp-json\/wp\/v2\/media\/3087"}],"wp:attachment":[{"href":"https:\/\/us.edu.pl\/instytut\/il\/wp-json\/wp\/v2\/media?parent=3800"}],"wp:term":[{"taxonomy":"category","embeddable":true,"href":"https:\/\/us.edu.pl\/instytut\/il\/wp-json\/wp\/v2\/categories?post=3800"},{"taxonomy":"post_tag","embeddable":true,"href":"https:\/\/us.edu.pl\/instytut\/il\/wp-json\/wp\/v2\/tags?post=3800"}],"curies":[{"name":"wp","href":"https:\/\/api.w.org\/{rel}","templated":true}]}}