{"id":4114,"date":"2022-11-25T18:06:11","date_gmt":"2022-11-25T17:06:11","guid":{"rendered":"https:\/\/us.edu.pl\/instytut\/il\/?p=4114"},"modified":"2022-11-25T18:09:53","modified_gmt":"2022-11-25T17:09:53","slug":"konferencja-literacka-swiaty-poetyckie-rafala-wojaczka","status":"publish","type":"post","link":"https:\/\/us.edu.pl\/instytut\/il\/2022\/11\/25\/konferencja-literacka-swiaty-poetyckie-rafala-wojaczka\/","title":{"rendered":"Konferencja literacka &#8222;\u015awiaty poetyckie Rafa\u0142a Wojaczka&#8221;"},"content":{"rendered":"<p>[vc_row][vc_column width=&#8221;2\/3&#8243;]\r\n                <div class=\"text-modules\">\r\n                    <div class=\"container\">\r\n                        \r\n                        <div class=\"text-modules__content\"><p><span style=\"font-size: 12pt;\">2 grudnia 2022 roku o godz. 11.00 w Centrum Kulturalno-Edukacyjnym w Czerwionce-Leszczynach odb\u0119dzie si\u0119 konferencja literacka pt.\u00a0<em>\u015awiaty poetyckie Rafa\u0142a Wojaczka<\/em>\u00a0\u2013 kolejna ods\u0142ona projektu zatytu\u0142owanego \u201e\u015awiaty poetyckie\u201d, wsp\u00f3\u0142organizowanego od 2014 roku przez literaturoznawc\u00f3w Uniwersytetu \u015al\u0105skiego oraz Miejski O\u015brodek Kultury w Czerwionce-Leszczynach.<\/span><\/p>\n<p><span style=\"font-size: 12pt;\">W tegorocznej edycji wydarzenia po\u015bwi\u0119conemu\u00a0Rafa\u0142owi Wojaczkowi wezm\u0105 udzia\u0142 jako prelegenci cz\u0142onkowie Ko\u0142a Naukowego Polonist\u00f3w Uniwersytetu \u015al\u0105skiego, kt\u00f3rego opiekunk\u0105 jest dr Katarzyna Niesporek-Klanowska.<\/span><\/p>\n<p>&nbsp;<\/p>\n<p style=\"text-align: center;\"><span style=\"font-size: 12pt;\"><strong>PROGRAM KONFERENCJI<\/strong><\/span><\/p>\n<p>&nbsp;<\/p>\n<p><span style=\"font-size: 12pt;\">prof. dr hab. Marian Kisiel<\/span><br \/>\n<span style=\"font-size: 12pt;\">Wprowadzenie<\/span><\/p>\n<p><span style=\"font-size: 12pt;\">lic. Dominika Rudka<\/span><br \/>\n<span style=\"font-size: 12pt;\"><em>Lekcje anatomii doktora Wojaczka<\/em><\/span><\/p>\n<p><span style=\"font-size: 12pt;\">lic. Aleksandra Szyma\u0144ska<\/span><br \/>\n<span style=\"font-size: 12pt;\"><em>\u201eM\u0119sko\u015b\u0107 polega na tym aby bi\u0107 kobiet\u0119\u201d. Przemoc w poezji Rafa\u0142a Wojaczka<\/em><\/span><\/p>\n<p><span style=\"font-size: 12pt;\">lic. Andrzej Handzlik<\/span><br \/>\n<span style=\"font-size: 12pt;\"><em>\u201eNas bez niego nie ma\u2026\u201d. L\u0119k w jednej balladzie Rafa\u0142a Wojaczka<\/em><\/span><\/p>\n<p><span style=\"font-size: 12pt;\">lic. Alicja Wosik<\/span><br \/>\n<span style=\"font-size: 12pt;\"><em>Eklogi Rafa\u0142a Wojaczka<\/em><\/span><\/p>\n<p><span style=\"font-size: 12pt;\">lic. Wiktor Nogajczyk<\/span><br \/>\n<span style=\"font-size: 12pt;\"><em>Ekofeministyczne w\u0105tki w poezji Rafa\u0142a Wojaczka<\/em><\/span><\/p>\n<p><span style=\"font-size: 12pt;\">Przedsi\u0119wzi\u0119cie pt. \u201e\u015awiaty poetyckie\u201d ma na celu opisanie dorobku wybitnych poet\u00f3w XX wieku z G\u00f3rnego \u015al\u0105ska i Zag\u0142\u0119bia D\u0105browskiego. Efektem spotka\u0144 jest seria wydawnicza redagowana przez\u00a0prof. dr. hab. Mariana Kisiela\u00a0i dr. Tadeusza Siernego. Dot\u0105d ukaza\u0142y si\u0119:\u00a0<em>\u015awiaty poetyckie Stanis\u0142awa Krawczyka<\/em>\u00a0(2014), \u015awiaty\u00a0<em>poetyckie Andrzeja Szuby<\/em>\u00a0(2016),\u00a0<em>\u015awiaty poetyckie Tadeusza Kijonki<\/em>\u00a0(2016<em>), \u015awiaty poetyckie Wilhelma Szewczyka<\/em>\u00a0(2016),\u00a0<em>\u015awiaty poetyckie Tadeusza S\u0142awka<\/em>\u00a0(2017),\u00a0<em>\u015awiaty poetyckie Feliksa Netza<\/em>\u00a0(2017),\u00a0<em>\u015awiaty poetyckie ks. Jerzego Szymika<\/em>\u00a0(2018),\u00a0<em>\u015awiaty poetyckie Boles\u0142awa Lubosza<\/em>\u00a0(2018),\u00a0<em>\u015awiaty poetyckie Jerzego Lucjana Wo\u017aniaka<\/em>\u00a0(2019),\u00a0<em>\u015awiaty poetyckie Edwarda Zymana<\/em>\u00a0(2019),\u00a0<em>\u015awiaty poetyckie Floriana \u015amiei<\/em>\u00a0(2020),\u00a0<em>\u015awiaty poetyckie Stanis\u0142awa Horaka<\/em>\u00a0(2021),\u00a0<em>\u015awiaty poetyckie Genowefy Jakubowskiej-Fija\u0142kowskiej<\/em>\u00a0(2021),\u00a0<em>\u015awiaty poetyckie Barbary Gruszki-Zych<\/em>\u00a0(2022). W opracowaniu redakcyjnym znajduj\u0105 si\u0119 z kolei dwie cz\u0119\u015bci\u00a0<em>\u015awiat\u00f3w poetyckich kr\u0119gu \u201eNa Dziko\u201d<\/em>.<\/span><\/p>\n<p><span style=\"font-size: 12pt;\">Patronat honorowy nad wydarzeniem obj\u0119\u0142a Komisja Historycznoliteracka PAN \u2013 oddzia\u0142 w Katowicach.<\/span><\/p>\n<p><span style=\"font-size: 12pt;\"><a href=\"https:\/\/us.edu.pl\/instytut\/il\/wp-content\/uploads\/sites\/27\/Bez-kategorii\/Wojaczek_program.pdf\" class=\"mtli_attachment mtli_pdf\" data-mtli=\"mtli_filesize940,38kB\" class=\"mtli_attachment mtli_pdf\" data-mtli=\"mtli_filesize940,38kB\">PROGRAM w formacie PDF<\/a><\/span><\/p>\n<style type=\"text\/css\">a[data-mtli~=\"mtli_filesize940,38kB\"]:after {content:\" (940,38 kB)\"}<\/style><\/div>\r\n                    <\/div>\r\n                <\/div>[\/vc_column][vc_column width=&#8221;1\/3&#8243;]\r\n                <div class=\"text-modules\">\r\n                    <div class=\"container\">\r\n                        \r\n                        <div class=\"text-modules__content\"><p><img class=\"alignnone wp-image-1566 size-full\" src=\"https:\/\/us.edu.pl\/instytut\/il\/wp-content\/uploads\/sites\/27\/Nieprzypisane\/konferencja-e1595600940192.jpg\" alt=\"konferencja zdj\u0119cie\" width=\"500\" height=\"333\" \/><\/p>\n<\/div>\r\n                    <\/div>\r\n                <\/div>[\/vc_column][\/vc_row]<\/p>\n<style type=\"text\/css\">a[data-mtli~=\"mtli_filesize940,38kB\"]:after {content:\" (940,38 kB)\"}<\/style>","protected":false},"excerpt":{"rendered":"<p>[vc_row][vc_column width=&#8221;2\/3&#8243;][\/vc_column][vc_column width=&#8221;1\/3&#8243;][\/vc_column][\/vc_row] [&#8230;]<\/p>\n<p><a class=\"btn btn-secondary understrap-read-more-link\" href=\"https:\/\/us.edu.pl\/instytut\/il\/2022\/11\/25\/konferencja-literacka-swiaty-poetyckie-rafala-wojaczka\/\">Read More&#8230;<\/a><\/p>\n","protected":false},"author":2113,"featured_media":1566,"comment_status":"open","ping_status":"open","sticky":false,"template":"","format":"standard","meta":{"_expiration-date-status":"","_expiration-date":0,"_expiration-date-type":"","_expiration-date-categories":[],"_expiration-date-options":[]},"categories":[9],"tags":[14,184],"acf":[],"_links":{"self":[{"href":"https:\/\/us.edu.pl\/instytut\/il\/wp-json\/wp\/v2\/posts\/4114"}],"collection":[{"href":"https:\/\/us.edu.pl\/instytut\/il\/wp-json\/wp\/v2\/posts"}],"about":[{"href":"https:\/\/us.edu.pl\/instytut\/il\/wp-json\/wp\/v2\/types\/post"}],"author":[{"embeddable":true,"href":"https:\/\/us.edu.pl\/instytut\/il\/wp-json\/wp\/v2\/users\/2113"}],"replies":[{"embeddable":true,"href":"https:\/\/us.edu.pl\/instytut\/il\/wp-json\/wp\/v2\/comments?post=4114"}],"version-history":[{"count":2,"href":"https:\/\/us.edu.pl\/instytut\/il\/wp-json\/wp\/v2\/posts\/4114\/revisions"}],"predecessor-version":[{"id":4117,"href":"https:\/\/us.edu.pl\/instytut\/il\/wp-json\/wp\/v2\/posts\/4114\/revisions\/4117"}],"wp:featuredmedia":[{"embeddable":true,"href":"https:\/\/us.edu.pl\/instytut\/il\/wp-json\/wp\/v2\/media\/1566"}],"wp:attachment":[{"href":"https:\/\/us.edu.pl\/instytut\/il\/wp-json\/wp\/v2\/media?parent=4114"}],"wp:term":[{"taxonomy":"category","embeddable":true,"href":"https:\/\/us.edu.pl\/instytut\/il\/wp-json\/wp\/v2\/categories?post=4114"},{"taxonomy":"post_tag","embeddable":true,"href":"https:\/\/us.edu.pl\/instytut\/il\/wp-json\/wp\/v2\/tags?post=4114"}],"curies":[{"name":"wp","href":"https:\/\/api.w.org\/{rel}","templated":true}]}}