{"id":4704,"date":"2023-10-25T12:27:14","date_gmt":"2023-10-25T10:27:14","guid":{"rendered":"https:\/\/us.edu.pl\/instytut\/il\/?p=4704"},"modified":"2023-10-30T08:30:59","modified_gmt":"2023-10-30T07:30:59","slug":"ksiazka-prof-agnieszki-adamowicz-pospiech-nominowana-do-nagrody-gaudeamus-2023","status":"publish","type":"post","link":"https:\/\/us.edu.pl\/instytut\/il\/2023\/10\/25\/ksiazka-prof-agnieszki-adamowicz-pospiech-nominowana-do-nagrody-gaudeamus-2023\/","title":{"rendered":"Ksi\u0105\u017cka prof. Agnieszki Adamowicz-Po\u015bpiech wyr\u00f3\u017cniona w konkursie GAUDEAMUS 2023"},"content":{"rendered":"<p>[vc_row][vc_column width=&#8221;1\/3&#8243;]\r\n                <div class=\"text-modules\">\r\n                    <div class=\"container\">\r\n                        \r\n                        <div class=\"text-modules__content\"><p><img class=\"alignnone wp-image-3563\" src=\"https:\/\/us.edu.pl\/instytut\/il\/wp-content\/uploads\/sites\/27\/Nieprzypisane\/conrad.png\" alt=\"monografia A. Adamowicz-Po\u015bpiech z ok\u0142adk\u0105 przedstawiaj\u0105c\u0105 Josepha Conrada\" width=\"500\" height=\"419\" srcset=\"https:\/\/us.edu.pl\/instytut\/il\/wp-content\/uploads\/sites\/27\/Nieprzypisane\/conrad.png 940w, https:\/\/us.edu.pl\/instytut\/il\/wp-content\/uploads\/sites\/27\/Nieprzypisane\/conrad-300x251.png 300w, https:\/\/us.edu.pl\/instytut\/il\/wp-content\/uploads\/sites\/27\/Nieprzypisane\/conrad-768x644.png 768w, https:\/\/us.edu.pl\/instytut\/il\/wp-content\/uploads\/sites\/27\/Nieprzypisane\/conrad-575x482.png 575w\" sizes=\"(max-width: 500px) 100vw, 500px\" \/><\/p>\n<\/div>\r\n                    <\/div>\r\n                <\/div>[\/vc_column][vc_column width=&#8221;2\/3&#8243;]\r\n                <div class=\"text-modules\">\r\n                    <div class=\"container\">\r\n                        \r\n                        <div class=\"text-modules__content\"><p><span style=\"font-size: 12pt;\">Mi\u0142o nam poinformowa\u0107, \u017ce ksi\u0105\u017cka <a href=\"https:\/\/us.edu.pl\/instytut\/il\/osoby\/agnieszka-pospiech\/\">prof.dr hab. Agnieszki Adamowicz-Po\u015bpiech<\/a> <em>Adaptacje biografii i tw\u00f3rczo\u015bci Josepha Conrada w kulturze wsp\u00f3\u0142czesnej <\/em>otrzyma\u0142a wyr\u00f3\u017cnienie w konkursie GAUDEAMUS 2023.<\/span><\/p>\n<p><span style=\"font-size: 12pt;\">Wi\u0119cej informacji na temat konkursu znajduje si\u0119 <a href=\"https:\/\/nagrodagaudeamus.pl\/nominacje\/2023\/\">tutaj<\/a>. <\/span><\/p>\n<\/div>\r\n                    <\/div>\r\n                <\/div>[\/vc_column][\/vc_row][vc_row][vc_column][vc_column_text][\/vc_column_text][\/vc_column][\/vc_row][vc_row][vc_column][vc_column_text][\/vc_column_text][\/vc_column][\/vc_row][vc_row][vc_column][vc_column_text]<\/p>","protected":false},"excerpt":{"rendered":"<p>[vc_row][vc_column width=&#8221;1\/3&#8243;][\/vc_column][vc_column width=&#8221;2\/3&#8243;][\/vc_column][\/vc_row][vc_row][vc_column][vc_column_text][\/vc_column_text][\/vc_column][\/vc_row][vc_row][vc_column][vc_column_text][\/vc_column_text][\/vc_column][\/vc_row][vc_row][vc_column][vc_column_text] [&#8230;]<\/p>\n<p><a class=\"btn btn-secondary understrap-read-more-link\" href=\"https:\/\/us.edu.pl\/instytut\/il\/2023\/10\/25\/ksiazka-prof-agnieszki-adamowicz-pospiech-nominowana-do-nagrody-gaudeamus-2023\/\">Read More&#8230;<\/a><\/p>\n","protected":false},"author":2113,"featured_media":3563,"comment_status":"open","ping_status":"open","sticky":false,"template":"","format":"standard","meta":{"_expiration-date-status":"","_expiration-date":0,"_expiration-date-type":"","_expiration-date-categories":[],"_expiration-date-options":[]},"categories":[9],"tags":[204,113,203],"acf":[],"_links":{"self":[{"href":"https:\/\/us.edu.pl\/instytut\/il\/wp-json\/wp\/v2\/posts\/4704"}],"collection":[{"href":"https:\/\/us.edu.pl\/instytut\/il\/wp-json\/wp\/v2\/posts"}],"about":[{"href":"https:\/\/us.edu.pl\/instytut\/il\/wp-json\/wp\/v2\/types\/post"}],"author":[{"embeddable":true,"href":"https:\/\/us.edu.pl\/instytut\/il\/wp-json\/wp\/v2\/users\/2113"}],"replies":[{"embeddable":true,"href":"https:\/\/us.edu.pl\/instytut\/il\/wp-json\/wp\/v2\/comments?post=4704"}],"version-history":[{"count":4,"href":"https:\/\/us.edu.pl\/instytut\/il\/wp-json\/wp\/v2\/posts\/4704\/revisions"}],"predecessor-version":[{"id":4709,"href":"https:\/\/us.edu.pl\/instytut\/il\/wp-json\/wp\/v2\/posts\/4704\/revisions\/4709"}],"wp:featuredmedia":[{"embeddable":true,"href":"https:\/\/us.edu.pl\/instytut\/il\/wp-json\/wp\/v2\/media\/3563"}],"wp:attachment":[{"href":"https:\/\/us.edu.pl\/instytut\/il\/wp-json\/wp\/v2\/media?parent=4704"}],"wp:term":[{"taxonomy":"category","embeddable":true,"href":"https:\/\/us.edu.pl\/instytut\/il\/wp-json\/wp\/v2\/categories?post=4704"},{"taxonomy":"post_tag","embeddable":true,"href":"https:\/\/us.edu.pl\/instytut\/il\/wp-json\/wp\/v2\/tags?post=4704"}],"curies":[{"name":"wp","href":"https:\/\/api.w.org\/{rel}","templated":true}]}}