{"id":4717,"date":"2023-11-13T07:42:03","date_gmt":"2023-11-13T06:42:03","guid":{"rendered":"https:\/\/us.edu.pl\/instytut\/il\/?p=4717"},"modified":"2023-11-13T07:46:12","modified_gmt":"2023-11-13T06:46:12","slug":"spotkania-z-dr-katarzyna-szopa-wokol-ksiazki-wybuch-wyobrazni","status":"publish","type":"post","link":"https:\/\/us.edu.pl\/instytut\/il\/2023\/11\/13\/spotkania-z-dr-katarzyna-szopa-wokol-ksiazki-wybuch-wyobrazni\/","title":{"rendered":"Spotkania z dr Katarzyn\u0105 Szop\u0105 wok\u00f3\u0142 ksi\u0105\u017cki &#8222;Wybuch wyobra\u017ani&#8230;&#8221;"},"content":{"rendered":"<p>[vc_row][vc_column width=&#8221;2\/3&#8243;]\r\n                <div class=\"text-modules\">\r\n                    <div class=\"container\">\r\n                        \r\n                        <div class=\"text-modules__content\"><p><span class=\"x193iq5w xeuugli x13faqbe x1vvkbs x1xmvt09 x1lliihq x1s928wv xhkezso x1gmr53x x1cpjm7i x1fgarty x1943h6x xudqn12 x3x7a5m x6prxxf xvq8zen xo1l8bm xzsf02u\" dir=\"auto\" style=\"font-size: 12pt;\">Serdecznie zach\u0119camy do uczestnictwa w spotkaniach z <a href=\"https:\/\/us.edu.pl\/instytut\/il\/osoby\/katarzyna-szopa\/\">dr Katarzyn\u0105 Szop\u0105<\/a> wok\u00f3\u0142 jej ksi\u0105\u017cki \u201eWybuch wyobra\u017ani. Poezja Anny \u015awirszczy\u0144skiej wobec reprodukcji \u017cycia spo\u0142ecznego\u201d:<\/span><\/p>\n<ul>\n<li><span class=\"x193iq5w xeuugli x13faqbe x1vvkbs x1xmvt09 x1lliihq x1s928wv xhkezso x1gmr53x x1cpjm7i x1fgarty x1943h6x xudqn12 x3x7a5m x6prxxf xvq8zen xo1l8bm xzsf02u\" dir=\"auto\" style=\"font-size: 12pt;\">13 listopada (poniedzia\u0142ek) o godzinie 18.00 (s. 118) w Bibliotece na Wydziale Filozofii Uniwersytetu Warszawskiego (s. 118) przy ul. Krakowskie Przedmie\u015bcie 3 w Warszawie. Spotkanie poprowadzi Kinga Eler, <a href=\"https:\/\/www.facebook.com\/photo\/?fbid=804163951721647&amp;set=a.503049695166409\">strona wydarzenia<\/a> <\/span><\/li>\n<li><span style=\"font-size: 12pt;\">14 listopada (wtorek) o godz. 18.30 (s. 17) na Wydziale Polonistyki Uniwersytetu Warszawskiego (przewidywana transmisja spotkania). Prowadz\u0105: Barbara Rojek (Prezeska SKN Kwadrat Poezji Najnowszej) i Kacper Solecki (SKN Literatury Kobiet), <a href=\"https:\/\/www.facebook.com\/events\/352258910638529?ref=newsfeed\">strona wydarzenia<\/a><\/span><\/li>\n<\/ul>\n<p>\n<\/div>\r\n                    <\/div>\r\n                <\/div>[\/vc_column][vc_column width=&#8221;1\/3&#8243;]\r\n                <div class=\"text-modules\">\r\n                    <div class=\"container\">\r\n                        \r\n                        <div class=\"text-modules__content\"><p><img class=\"alignnone wp-image-4444 size-full\" src=\"https:\/\/us.edu.pl\/instytut\/il\/wp-content\/uploads\/sites\/27\/Bez-kategorii\/szopa.jpg\" alt=\"ok\u0142adka w kolorze czerwonym z bia\u0142ym napisem Wybuch wyobra\u017ani Katarzyna Szopa\" width=\"500\" height=\"718\" srcset=\"https:\/\/us.edu.pl\/instytut\/il\/wp-content\/uploads\/sites\/27\/Bez-kategorii\/szopa.jpg 500w, https:\/\/us.edu.pl\/instytut\/il\/wp-content\/uploads\/sites\/27\/Bez-kategorii\/szopa-209x300.jpg 209w, https:\/\/us.edu.pl\/instytut\/il\/wp-content\/uploads\/sites\/27\/Bez-kategorii\/szopa-400x575.jpg 400w\" sizes=\"(max-width: 500px) 100vw, 500px\" \/><\/p>\n<\/div>\r\n                    <\/div>\r\n                <\/div>[\/vc_column][\/vc_row][vc_row][vc_column][vc_column_text][\/vc_column_text][\/vc_column][\/vc_row][vc_row][vc_column][vc_column_text][\/vc_column_text][\/vc_column][\/vc_row][vc_row][vc_column][vc_column_text]<\/p>","protected":false},"excerpt":{"rendered":"<p>[vc_row][vc_column width=&#8221;2\/3&#8243;][\/vc_column][vc_column width=&#8221;1\/3&#8243;][\/vc_column][\/vc_row][vc_row][vc_column][vc_column_text][\/vc_column_text][\/vc_column][\/vc_row][vc_row][vc_column][vc_column_text][\/vc_column_text][\/vc_column][\/vc_row][vc_row][vc_column][vc_column_text] [&#8230;]<\/p>\n<p><a class=\"btn btn-secondary understrap-read-more-link\" href=\"https:\/\/us.edu.pl\/instytut\/il\/2023\/11\/13\/spotkania-z-dr-katarzyna-szopa-wokol-ksiazki-wybuch-wyobrazni\/\">Read More&#8230;<\/a><\/p>\n","protected":false},"author":2113,"featured_media":2633,"comment_status":"open","ping_status":"open","sticky":false,"template":"","format":"standard","meta":{"_expiration-date-status":"","_expiration-date":0,"_expiration-date-type":"","_expiration-date-categories":[],"_expiration-date-options":[]},"categories":[9],"tags":[205],"acf":[],"_links":{"self":[{"href":"https:\/\/us.edu.pl\/instytut\/il\/wp-json\/wp\/v2\/posts\/4717"}],"collection":[{"href":"https:\/\/us.edu.pl\/instytut\/il\/wp-json\/wp\/v2\/posts"}],"about":[{"href":"https:\/\/us.edu.pl\/instytut\/il\/wp-json\/wp\/v2\/types\/post"}],"author":[{"embeddable":true,"href":"https:\/\/us.edu.pl\/instytut\/il\/wp-json\/wp\/v2\/users\/2113"}],"replies":[{"embeddable":true,"href":"https:\/\/us.edu.pl\/instytut\/il\/wp-json\/wp\/v2\/comments?post=4717"}],"version-history":[{"count":4,"href":"https:\/\/us.edu.pl\/instytut\/il\/wp-json\/wp\/v2\/posts\/4717\/revisions"}],"predecessor-version":[{"id":4721,"href":"https:\/\/us.edu.pl\/instytut\/il\/wp-json\/wp\/v2\/posts\/4717\/revisions\/4721"}],"wp:featuredmedia":[{"embeddable":true,"href":"https:\/\/us.edu.pl\/instytut\/il\/wp-json\/wp\/v2\/media\/2633"}],"wp:attachment":[{"href":"https:\/\/us.edu.pl\/instytut\/il\/wp-json\/wp\/v2\/media?parent=4717"}],"wp:term":[{"taxonomy":"category","embeddable":true,"href":"https:\/\/us.edu.pl\/instytut\/il\/wp-json\/wp\/v2\/categories?post=4717"},{"taxonomy":"post_tag","embeddable":true,"href":"https:\/\/us.edu.pl\/instytut\/il\/wp-json\/wp\/v2\/tags?post=4717"}],"curies":[{"name":"wp","href":"https:\/\/api.w.org\/{rel}","templated":true}]}}