{"id":4925,"date":"2024-05-09T09:44:32","date_gmt":"2024-05-09T07:44:32","guid":{"rendered":"https:\/\/us.edu.pl\/instytut\/il\/?p=4925"},"modified":"2024-05-09T09:47:43","modified_gmt":"2024-05-09T07:47:43","slug":"665-godzin-z-chatem-gpt-warsztat-z-dr-marta-m-kania","status":"publish","type":"post","link":"https:\/\/us.edu.pl\/instytut\/il\/2024\/05\/09\/665-godzin-z-chatem-gpt-warsztat-z-dr-marta-m-kania\/","title":{"rendered":"&#8221;665 godzin z chatem GPT&#8221;: warsztat z dr Mart\u0105 M. Kani\u0105"},"content":{"rendered":"<p>[vc_row][vc_column width=&#8221;2\/3&#8243;]\r\n                <div class=\"text-modules\">\r\n                    <div class=\"container\">\r\n                        \r\n                        <div class=\"text-modules__content\"><p><span style=\"font-size: 12pt;\">Zesp\u00f3\u0142 Humanistyki Cyfrowej U\u015a zaprasza na warsztat z <strong>dr Mart\u0105 M. Kani\u0105<\/strong> pod tytu\u0142em <em>665 godzin z chatem GPT. Dlaczego generatywna AI to prawdziwa rewolucja? <\/em>Na to pytanie odpowie w\u0142a\u015bcicielka marki Superpowered by AI, Co-founderka i CEO Circuit Tree dr Marta M. Kania.<\/span><\/p>\n<p><span style=\"font-size: 12pt;\"><strong>Data i miejsce: <\/strong>16 maja 2024, godz. 12.00, Wydzia\u0142 Humanistyczny U\u015a w Sosnowcu, ul. Grota Roweckiego 5, aula im. prof. Pola\u0144skiego<\/span><br \/>\n<span style=\"font-size: 12pt;\">(2.25). Okres trwania szkolenia oko\u0142o 1,5 godziny.<\/span><\/p>\n<p><span style=\"font-size: 12pt;\">Warsztat jest stacjonarny skierowany do wszystkich student\u00f3w U\u015a. Decyduje kolejno\u015b\u0107 zapis\u00f3w przez <a href=\"https:\/\/forms.office.com\/Pages\/ResponsePage.aspx?id=kWLHUIAMRESi-0-KsWjDERoUhRjY8m5GgPi0ny2ngT1UMU1JTExZUldFMDdMUFJQM1lGUVM4VDdWQS4u\">formularz rejestracyjny<\/a>. <\/span><\/p>\n<p><span style=\"font-size: 12pt;\">Ilo\u015b\u0107 miejsc ograniczona.<\/span><\/p>\n<p><span style=\"font-size: 12pt;\"><strong>Czego si\u0119 dowiesz?<\/strong><\/span><\/p>\n<p><span style=\"font-size: 12pt;\">Podczas spotkania uczestnik dowie si\u0119 o: <\/span><\/p>\n<ul>\n<li><span style=\"font-size: 12pt;\">widocznych i niewidocznych zastosowaniach generatywnej AI,<\/span><\/li>\n<li><span style=\"font-size: 12pt;\">automatyzacji, augmentacji i antropomorfizacji,<\/span><\/li>\n<li><span style=\"font-size: 12pt;\">matrycy relacji z AI, <\/span><\/li>\n<li><span style=\"font-size: 12pt;\">a tak\u017ce tym, jak owocnie wsp\u00f3\u0142pracowa\u0107 ze sztuczn\u0105 inteligencj\u0105.<\/span><\/li>\n<\/ul>\n<p><span style=\"font-size: 12pt;\"><strong>Kim jest prowadz\u0105ca?<\/strong><\/span><\/p>\n<ul>\n<li><span style=\"font-size: 12pt;\">prowadzi szkolenia z zakresu prompt engineering i zastosowa\u0144 AI w biznesie,<\/span><\/li>\n<li><span style=\"font-size: 12pt;\">projektuje chatboty i procesy tworzenia tre\u015bci we wsp\u00f3\u0142pracy ze sztuczn\u0105 inteligencj\u0105, czyli w formule human-in-the loop, <\/span><\/li>\n<li><span style=\"font-size: 12pt;\">tworzy wiarygodne i rzeczowe teksty B2B.<\/span><\/li>\n<\/ul>\n<p><a href=\"https:\/\/us.edu.pl\/instytut\/il\/wp-content\/uploads\/sites\/27\/Bez-kategorii\/665-godzin-z-chatem-GPT.pdf\" class=\"mtli_attachment mtli_pdf\" data-mtli=\"mtli_filesize86,45kB\" class=\"mtli_attachment mtli_pdf\" data-mtli=\"mtli_filesize86,45kB\"><span style=\"font-size: 14pt;\">665 godzin z chatem GPT<\/span><\/a><\/p>\n<style type=\"text\/css\">a[data-mtli~=\"mtli_filesize86,45kB\"]:after {content:\" (86,45 kB)\"}<\/style><\/div>\r\n                    <\/div>\r\n                <\/div>[\/vc_column][vc_column width=&#8221;1\/3&#8243;]\r\n                <div class=\"text-modules\">\r\n                    <div class=\"container\">\r\n                        \r\n                        <div class=\"text-modules__content\"><p><img class=\"alignleft wp-image-4927 size-large\" src=\"https:\/\/us.edu.pl\/instytut\/il\/wp-content\/uploads\/sites\/27\/Bez-kategorii\/665-godzin-z-chatem-GPT-724x1024.png\" alt=\"665 godzin z chatem gpt plakat w kolorze czarnym i r\u00f3\u017cowym\" width=\"640\" height=\"905\" srcset=\"https:\/\/us.edu.pl\/instytut\/il\/wp-content\/uploads\/sites\/27\/Bez-kategorii\/665-godzin-z-chatem-GPT-724x1024.png 724w, https:\/\/us.edu.pl\/instytut\/il\/wp-content\/uploads\/sites\/27\/Bez-kategorii\/665-godzin-z-chatem-GPT-212x300.png 212w, https:\/\/us.edu.pl\/instytut\/il\/wp-content\/uploads\/sites\/27\/Bez-kategorii\/665-godzin-z-chatem-GPT-768x1086.png 768w, https:\/\/us.edu.pl\/instytut\/il\/wp-content\/uploads\/sites\/27\/Bez-kategorii\/665-godzin-z-chatem-GPT-1086x1536.png 1086w, https:\/\/us.edu.pl\/instytut\/il\/wp-content\/uploads\/sites\/27\/Bez-kategorii\/665-godzin-z-chatem-GPT-407x575.png 407w, https:\/\/us.edu.pl\/instytut\/il\/wp-content\/uploads\/sites\/27\/Bez-kategorii\/665-godzin-z-chatem-GPT.png 1414w\" sizes=\"(max-width: 640px) 100vw, 640px\" \/><\/p>\n<\/div>\r\n                    <\/div>\r\n                <\/div>[\/vc_column][\/vc_row]<\/p>\n<style type=\"text\/css\">a[data-mtli~=\"mtli_filesize86,45kB\"]:after {content:\" (86,45 kB)\"}<\/style>","protected":false},"excerpt":{"rendered":"<p>[vc_row][vc_column width=&#8221;2\/3&#8243;][\/vc_column][vc_column width=&#8221;1\/3&#8243;][\/vc_column][\/vc_row] [&#8230;]<\/p>\n<p><a class=\"btn btn-secondary understrap-read-more-link\" href=\"https:\/\/us.edu.pl\/instytut\/il\/2024\/05\/09\/665-godzin-z-chatem-gpt-warsztat-z-dr-marta-m-kania\/\">Read More&#8230;<\/a><\/p>\n","protected":false},"author":2113,"featured_media":4930,"comment_status":"open","ping_status":"open","sticky":false,"template":"","format":"standard","meta":{"_expiration-date-status":"","_expiration-date":0,"_expiration-date-type":"","_expiration-date-categories":[],"_expiration-date-options":[]},"categories":[9],"tags":[213],"acf":[],"_links":{"self":[{"href":"https:\/\/us.edu.pl\/instytut\/il\/wp-json\/wp\/v2\/posts\/4925"}],"collection":[{"href":"https:\/\/us.edu.pl\/instytut\/il\/wp-json\/wp\/v2\/posts"}],"about":[{"href":"https:\/\/us.edu.pl\/instytut\/il\/wp-json\/wp\/v2\/types\/post"}],"author":[{"embeddable":true,"href":"https:\/\/us.edu.pl\/instytut\/il\/wp-json\/wp\/v2\/users\/2113"}],"replies":[{"embeddable":true,"href":"https:\/\/us.edu.pl\/instytut\/il\/wp-json\/wp\/v2\/comments?post=4925"}],"version-history":[{"count":2,"href":"https:\/\/us.edu.pl\/instytut\/il\/wp-json\/wp\/v2\/posts\/4925\/revisions"}],"predecessor-version":[{"id":4931,"href":"https:\/\/us.edu.pl\/instytut\/il\/wp-json\/wp\/v2\/posts\/4925\/revisions\/4931"}],"wp:featuredmedia":[{"embeddable":true,"href":"https:\/\/us.edu.pl\/instytut\/il\/wp-json\/wp\/v2\/media\/4930"}],"wp:attachment":[{"href":"https:\/\/us.edu.pl\/instytut\/il\/wp-json\/wp\/v2\/media?parent=4925"}],"wp:term":[{"taxonomy":"category","embeddable":true,"href":"https:\/\/us.edu.pl\/instytut\/il\/wp-json\/wp\/v2\/categories?post=4925"},{"taxonomy":"post_tag","embeddable":true,"href":"https:\/\/us.edu.pl\/instytut\/il\/wp-json\/wp\/v2\/tags?post=4925"}],"curies":[{"name":"wp","href":"https:\/\/api.w.org\/{rel}","templated":true}]}}