{"id":5008,"date":"2024-09-01T21:29:19","date_gmt":"2024-09-01T19:29:19","guid":{"rendered":"https:\/\/us.edu.pl\/instytut\/il\/?p=5008"},"modified":"2024-09-01T21:37:08","modified_gmt":"2024-09-01T19:37:08","slug":"ksiazka-dr-marty-baron-milian-wyrozniona-nagroda-literacka-gdynia","status":"publish","type":"post","link":"https:\/\/us.edu.pl\/instytut\/il\/2024\/09\/01\/ksiazka-dr-marty-baron-milian-wyrozniona-nagroda-literacka-gdynia\/","title":{"rendered":"Ksi\u0105\u017cka dr Marty Baron-Milian wyr\u00f3\u017cniona Nagrod\u0105 Literack\u0105 Gdynia"},"content":{"rendered":"<p>[vc_row][vc_column width=&#8221;2\/3&#8243;]\r\n                <div class=\"text-modules\">\r\n                    <div class=\"container\">\r\n                        \r\n                        <div class=\"text-modules__content\"><p><span style=\"font-size: 12pt;\">Mi\u0142o nam poinformowa\u0107, \u017ce ksi\u0105\u017cka\u00a0<a href=\"https:\/\/us.edu.pl\/instytut\/il\/osoby\/marta-baron-milian\/\">dr Marty Baron-Milian<\/a> zatytu\u0142owana \u201eNeofuturzy i futury\u015bci. Kryptohistorie polskiej awangardy\u201d zosta\u0142a wyr\u00f3\u017cniona <a href=\"https:\/\/nagrodaliterackagdynia.pl\/\">Nagrod\u0105 Literack\u0105 Gdynia<\/a>\u00a0za rok 2023 (kategoria: esej).<\/span><\/p>\n<p><span style=\"font-size: 12pt;\">Fina\u0142owa gala odby\u0142a si\u0119 30 sierpnia br. w gdy\u0144skim Teatrze Muzycznym. Literackie Kostki trafi\u0142y do r\u0105k Marty Baron-Milian (esej), Wojciecha Kopcia (poezja), Grzegorza Bogda\u0142a (proza) i Iwony Zimnickiej (przek\u0142ad na j\u0119zyk polski).<\/span><\/p>\n<p><span style=\"font-size: 12pt;\">Wi\u0119cej informacji na temat Nagrody oraz Laureatek i Laureat\u00f3w znajduje si\u0119 na stronie <a href=\"https:\/\/nagrodaliterackagdynia.pl\/nagrody-literackie-gdynia-wreczone-po-raz-19\/\">Nagrody Literackiej Gdynia.\u00a0<\/a><\/span><\/p>\n<p><span style=\"font-size: 12pt;\">Serdecznie gratulujemy!<\/span><\/p>\n<\/div>\r\n                    <\/div>\r\n                <\/div>[\/vc_column][vc_column width=&#8221;1\/3&#8243;]\r\n                <div class=\"text-modules\">\r\n                    <div class=\"container\">\r\n                        \r\n                        <div class=\"text-modules__content\"><p><img class=\"alignnone wp-image-5018\" src=\"https:\/\/us.edu.pl\/instytut\/il\/wp-content\/uploads\/sites\/27\/Bez-kategorii\/nagroda-gdynia-e1725219214365-298x300.jpg\" alt=\"nagroda literacka gdynia napis w czerwonej ramce na bia\u0142ym tle\" width=\"200\" height=\"202\" srcset=\"https:\/\/us.edu.pl\/instytut\/il\/wp-content\/uploads\/sites\/27\/Bez-kategorii\/nagroda-gdynia-e1725219214365-298x300.jpg 298w, https:\/\/us.edu.pl\/instytut\/il\/wp-content\/uploads\/sites\/27\/Bez-kategorii\/nagroda-gdynia-e1725219214365.jpg 494w\" sizes=\"(max-width: 200px) 100vw, 200px\" \/><\/p>\n<\/div>\r\n                    <\/div>\r\n                <\/div>[\/vc_column][\/vc_row]<\/p>","protected":false},"excerpt":{"rendered":"<p>[vc_row][vc_column width=&#8221;2\/3&#8243;][\/vc_column][vc_column width=&#8221;1\/3&#8243;][\/vc_column][\/vc_row] [&#8230;]<\/p>\n<p><a class=\"btn btn-secondary understrap-read-more-link\" href=\"https:\/\/us.edu.pl\/instytut\/il\/2024\/09\/01\/ksiazka-dr-marty-baron-milian-wyrozniona-nagroda-literacka-gdynia\/\">Read More&#8230;<\/a><\/p>\n","protected":false},"author":2113,"featured_media":5009,"comment_status":"open","ping_status":"open","sticky":false,"template":"","format":"standard","meta":{"_expiration-date-status":"","_expiration-date":0,"_expiration-date-type":"","_expiration-date-categories":[],"_expiration-date-options":[]},"categories":[9],"tags":[214],"acf":[],"_links":{"self":[{"href":"https:\/\/us.edu.pl\/instytut\/il\/wp-json\/wp\/v2\/posts\/5008"}],"collection":[{"href":"https:\/\/us.edu.pl\/instytut\/il\/wp-json\/wp\/v2\/posts"}],"about":[{"href":"https:\/\/us.edu.pl\/instytut\/il\/wp-json\/wp\/v2\/types\/post"}],"author":[{"embeddable":true,"href":"https:\/\/us.edu.pl\/instytut\/il\/wp-json\/wp\/v2\/users\/2113"}],"replies":[{"embeddable":true,"href":"https:\/\/us.edu.pl\/instytut\/il\/wp-json\/wp\/v2\/comments?post=5008"}],"version-history":[{"count":7,"href":"https:\/\/us.edu.pl\/instytut\/il\/wp-json\/wp\/v2\/posts\/5008\/revisions"}],"predecessor-version":[{"id":5030,"href":"https:\/\/us.edu.pl\/instytut\/il\/wp-json\/wp\/v2\/posts\/5008\/revisions\/5030"}],"wp:featuredmedia":[{"embeddable":true,"href":"https:\/\/us.edu.pl\/instytut\/il\/wp-json\/wp\/v2\/media\/5009"}],"wp:attachment":[{"href":"https:\/\/us.edu.pl\/instytut\/il\/wp-json\/wp\/v2\/media?parent=5008"}],"wp:term":[{"taxonomy":"category","embeddable":true,"href":"https:\/\/us.edu.pl\/instytut\/il\/wp-json\/wp\/v2\/categories?post=5008"},{"taxonomy":"post_tag","embeddable":true,"href":"https:\/\/us.edu.pl\/instytut\/il\/wp-json\/wp\/v2\/tags?post=5008"}],"curies":[{"name":"wp","href":"https:\/\/api.w.org\/{rel}","templated":true}]}}