{"id":6232,"date":"2025-10-28T13:32:35","date_gmt":"2025-10-28T12:32:35","guid":{"rendered":"https:\/\/us.edu.pl\/instytut\/il\/?p=6232"},"modified":"2025-10-28T13:32:35","modified_gmt":"2025-10-28T12:32:35","slug":"prof-agnieszka-adamowicz-pospiech-zaproszona-z-wykladami-do-british-library-i-cine-lumiere","status":"publish","type":"post","link":"https:\/\/us.edu.pl\/instytut\/il\/2025\/10\/28\/prof-agnieszka-adamowicz-pospiech-zaproszona-z-wykladami-do-british-library-i-cine-lumiere\/","title":{"rendered":"Prof. Agnieszka Adamowicz-Po\u015bpiech zaproszona z wyk\u0142adami do British Library i Cin\u00e9 Lumi\u00e8re"},"content":{"rendered":"<p>[vc_row][vc_column width=&#8221;2\/3&#8243;]\r\n                <div class=\"text-modules\">\r\n                    <div class=\"container\">\r\n                        \r\n                        <div class=\"text-modules__content\"><p><span style=\"font-size: 12pt;\">Mi\u0142o nam poinformowa\u0107, \u017ce <a href=\"https:\/\/us.edu.pl\/instytut\/il\/osoby\/agnieszka-pospiech\/\">p. prof. Agnieszka Adamowicz-Po\u015bpiech<\/a> zosta\u0142a zaproszona z wyk\u0142adami do British Library i Cin\u00e9 Lumi\u00e8re przez Polish Cultural Institute in London.<\/span><\/p>\n<hr \/>\n<p><span style=\"font-size: 12pt;\"><strong>Heart of Conrad: Joseph Conrad in Contemporary Culture at the British Library\u2019s Pigott Theatre in London<\/strong><\/span><\/p>\n<p><span style=\"font-size: 12pt;\">Link do wydarzenia:<\/span><\/p>\n<p><span style=\"font-size: 12pt;\"><a href=\"https:\/\/instytutpolski.pl\/london\/2025\/09\/05\/heart-of-conrad-joseph-conrad-in-contemporary-culture-at-the-british-librarys-pigott-theatre-in-london\/\">https:\/\/instytutpolski.pl\/london\/2025\/09\/05\/heart-of-conrad-joseph-conrad-in-contemporary-culture-at-the-british-librarys-pigott-theatre-in-london\/<\/a><\/span><\/p>\n<hr \/>\n<p><strong><span style=\"font-size: 12pt;\">Joseph Conrad and Cinema at Cine Lumiere<\/span><\/strong><\/p>\n<p><span style=\"font-size: 12pt;\">Link do wydarzenia:<\/span><\/p>\n<h3><span style=\"font-size: 12pt;\"><a href=\"https:\/\/www.institut-francais.org.uk\/festivals-and-series\/joseph-conrad-and-cinema\/#\/\">https:\/\/www.institut-francais.org.uk\/festivals-and-series\/joseph-conrad-and-cinema\/#\/<\/a><\/span><\/h3>\n<p>\n<\/div>\r\n                    <\/div>\r\n                <\/div>[\/vc_column][vc_column width=&#8221;1\/3&#8243;]\r\n                <div class=\"text-modules\">\r\n                    <div class=\"container\">\r\n                        \r\n                        <div class=\"text-modules__content\"><p><img class=\"alignnone size-medium wp-image-6234\" src=\"https:\/\/us.edu.pl\/instytut\/il\/wp-content\/uploads\/sites\/27\/Bez-kategorii\/PCIL-300x225.png\" alt=\"czarne logo pcil na bia\u0142ym tle z czerwon\u0105 postaci\u0105\" width=\"300\" height=\"225\" srcset=\"https:\/\/us.edu.pl\/instytut\/il\/wp-content\/uploads\/sites\/27\/Bez-kategorii\/PCIL-300x225.png 300w, https:\/\/us.edu.pl\/instytut\/il\/wp-content\/uploads\/sites\/27\/Bez-kategorii\/PCIL-575x431.png 575w, https:\/\/us.edu.pl\/instytut\/il\/wp-content\/uploads\/sites\/27\/Bez-kategorii\/PCIL.png 600w\" sizes=\"(max-width: 300px) 100vw, 300px\" \/><\/p>\n<\/div>\r\n                    <\/div>\r\n                <\/div>[\/vc_column][\/vc_row]<\/p>","protected":false},"excerpt":{"rendered":"<p>[vc_row][vc_column width=&#8221;2\/3&#8243;][\/vc_column][vc_column width=&#8221;1\/3&#8243;][\/vc_column][\/vc_row] [&#8230;]<\/p>\n<p><a class=\"btn btn-secondary understrap-read-more-link\" href=\"https:\/\/us.edu.pl\/instytut\/il\/2025\/10\/28\/prof-agnieszka-adamowicz-pospiech-zaproszona-z-wykladami-do-british-library-i-cine-lumiere\/\">Read More&#8230;<\/a><\/p>\n","protected":false},"author":2113,"featured_media":6234,"comment_status":"open","ping_status":"open","sticky":false,"template":"","format":"standard","meta":{"_expiration-date-status":"","_expiration-date":0,"_expiration-date-type":"","_expiration-date-categories":[],"_expiration-date-options":[]},"categories":[9],"tags":[23,172],"acf":[],"_links":{"self":[{"href":"https:\/\/us.edu.pl\/instytut\/il\/wp-json\/wp\/v2\/posts\/6232"}],"collection":[{"href":"https:\/\/us.edu.pl\/instytut\/il\/wp-json\/wp\/v2\/posts"}],"about":[{"href":"https:\/\/us.edu.pl\/instytut\/il\/wp-json\/wp\/v2\/types\/post"}],"author":[{"embeddable":true,"href":"https:\/\/us.edu.pl\/instytut\/il\/wp-json\/wp\/v2\/users\/2113"}],"replies":[{"embeddable":true,"href":"https:\/\/us.edu.pl\/instytut\/il\/wp-json\/wp\/v2\/comments?post=6232"}],"version-history":[{"count":2,"href":"https:\/\/us.edu.pl\/instytut\/il\/wp-json\/wp\/v2\/posts\/6232\/revisions"}],"predecessor-version":[{"id":6235,"href":"https:\/\/us.edu.pl\/instytut\/il\/wp-json\/wp\/v2\/posts\/6232\/revisions\/6235"}],"wp:featuredmedia":[{"embeddable":true,"href":"https:\/\/us.edu.pl\/instytut\/il\/wp-json\/wp\/v2\/media\/6234"}],"wp:attachment":[{"href":"https:\/\/us.edu.pl\/instytut\/il\/wp-json\/wp\/v2\/media?parent=6232"}],"wp:term":[{"taxonomy":"category","embeddable":true,"href":"https:\/\/us.edu.pl\/instytut\/il\/wp-json\/wp\/v2\/categories?post=6232"},{"taxonomy":"post_tag","embeddable":true,"href":"https:\/\/us.edu.pl\/instytut\/il\/wp-json\/wp\/v2\/tags?post=6232"}],"curies":[{"name":"wp","href":"https:\/\/api.w.org\/{rel}","templated":true}]}}