{"id":6631,"date":"2026-09-04T07:49:31","date_gmt":"2026-09-04T05:49:31","guid":{"rendered":"https:\/\/us.edu.pl\/instytut\/il\/?p=6631"},"modified":"2026-09-04T07:51:18","modified_gmt":"2026-09-04T05:51:18","slug":"spotkanie-badaczy-literatury-szwajcarskiej-na-uniwersytecie-slaskim","status":"publish","type":"post","link":"https:\/\/us.edu.pl\/instytut\/il\/2026\/09\/04\/spotkanie-badaczy-literatury-szwajcarskiej-na-uniwersytecie-slaskim\/","title":{"rendered":"Spotkanie badaczy literatury szwajcarskiej na Uniwersytecie \u015al\u0105skim"},"content":{"rendered":"<p>[vc_row][vc_column width=&#8221;2\/3&#8243;]\r\n                <div class=\"text-modules\">\r\n                    <div class=\"container\">\r\n                        \r\n                        <div class=\"text-modules__content\"><p><span style=\"font-size: 12pt;\">W dniach <strong>8-10 wrze\u015bnia 2026\u00a0r.<\/strong> Uniwersytet \u015al\u0105ski b\u0119dzie go\u015bci\u0142 mi\u0119dzynarodow\u0105 grup\u0119 badaczy literatury szwajcarskiej. Wydarzenie to ma charakter zamkni\u0119ty i jest cyklicznym spotkaniem literaturoznawc\u00f3w reprezentuj\u0105cych renomowane europejskie uczelnie i instytucje zwi\u0105zane z kultur\u0105 Szwajcarii. <\/span><\/p>\n<p><span style=\"font-size: 12pt;\">Organizatorem tegorocznego sympozjum jest Instytut Literaturoznawstwa \/ Filologia germa\u0144ska, a tematem trzydniowych obrad: <em>Tod und Verg\u00e4nglichkeit in der Deutschschweizer Literatur<\/em> (<em>Motyw przemijania i \u015bmierci w literaturze szwajcarskiej<\/em>).<\/span><\/p>\n<p><span style=\"font-size: 12pt;\">Zjazd u\u015bwietni obecno\u015b\u0107 <strong>Meral Kureyshi<\/strong>, pisarki nominowanej w 2015 roku do Szwajcarskiej Nagrody Ksi\u0105\u017ckowej. Polskiemu czytelnikowi Kureyshi znana jest przede wszystkim z powie\u015bci <em>S\u0142onie w ogrodzie (Elefanten im Garten, <\/em>2015<em>)<\/em>.<\/span><\/p>\n<p><strong><span style=\"font-size: 12pt;\">Na spotkanie autorskie z pisark\u0105 zapraszamy 9 wrze\u015bnia 2026\u00a0r. o godz.18:00 do Biblioteki \u015al\u0105skiej.<\/span><\/strong><\/p>\n<\/div>\r\n                    <\/div>\r\n                <\/div>[\/vc_column][vc_column width=&#8221;1\/3&#8243;]\r\n                <div class=\"text-modules\">\r\n                    <div class=\"container\">\r\n                        \r\n                        <div class=\"text-modules__content\"><p><img class=\"alignnone wp-image-3916\" src=\"https:\/\/us.edu.pl\/instytut\/il\/wp-content\/uploads\/sites\/27\/Bez-kategorii\/hand-g882cbce69_640-300x200.jpg\" alt=\"d\u0142o\u0144 osoby robi\u0105cej notatki\" width=\"393\" height=\"262\" srcset=\"https:\/\/us.edu.pl\/instytut\/il\/wp-content\/uploads\/sites\/27\/Bez-kategorii\/hand-g882cbce69_640-300x200.jpg 300w, https:\/\/us.edu.pl\/instytut\/il\/wp-content\/uploads\/sites\/27\/Bez-kategorii\/hand-g882cbce69_640-575x383.jpg 575w, https:\/\/us.edu.pl\/instytut\/il\/wp-content\/uploads\/sites\/27\/Bez-kategorii\/hand-g882cbce69_640.jpg 640w\" sizes=\"(max-width: 393px) 100vw, 393px\" \/><\/p>\n<\/div>\r\n                    <\/div>\r\n                <\/div>[\/vc_column][\/vc_row]<\/p>","protected":false},"excerpt":{"rendered":"<p>[vc_row][vc_column width=&#8221;2\/3&#8243;][\/vc_column][vc_column width=&#8221;1\/3&#8243;][\/vc_column][\/vc_row] [&#8230;]<\/p>\n<p><a class=\"btn btn-secondary understrap-read-more-link\" href=\"https:\/\/us.edu.pl\/instytut\/il\/2026\/09\/04\/spotkanie-badaczy-literatury-szwajcarskiej-na-uniwersytecie-slaskim\/\">Read More&#8230;<\/a><\/p>\n","protected":false},"author":2113,"featured_media":3238,"comment_status":"open","ping_status":"open","sticky":false,"template":"","format":"standard","meta":{"_expiration-date-status":"","_expiration-date":0,"_expiration-date-type":"","_expiration-date-categories":[],"_expiration-date-options":[]},"categories":[9],"tags":[56],"acf":[],"_links":{"self":[{"href":"https:\/\/us.edu.pl\/instytut\/il\/wp-json\/wp\/v2\/posts\/6631"}],"collection":[{"href":"https:\/\/us.edu.pl\/instytut\/il\/wp-json\/wp\/v2\/posts"}],"about":[{"href":"https:\/\/us.edu.pl\/instytut\/il\/wp-json\/wp\/v2\/types\/post"}],"author":[{"embeddable":true,"href":"https:\/\/us.edu.pl\/instytut\/il\/wp-json\/wp\/v2\/users\/2113"}],"replies":[{"embeddable":true,"href":"https:\/\/us.edu.pl\/instytut\/il\/wp-json\/wp\/v2\/comments?post=6631"}],"version-history":[{"count":3,"href":"https:\/\/us.edu.pl\/instytut\/il\/wp-json\/wp\/v2\/posts\/6631\/revisions"}],"predecessor-version":[{"id":6634,"href":"https:\/\/us.edu.pl\/instytut\/il\/wp-json\/wp\/v2\/posts\/6631\/revisions\/6634"}],"wp:featuredmedia":[{"embeddable":true,"href":"https:\/\/us.edu.pl\/instytut\/il\/wp-json\/wp\/v2\/media\/3238"}],"wp:attachment":[{"href":"https:\/\/us.edu.pl\/instytut\/il\/wp-json\/wp\/v2\/media?parent=6631"}],"wp:term":[{"taxonomy":"category","embeddable":true,"href":"https:\/\/us.edu.pl\/instytut\/il\/wp-json\/wp\/v2\/categories?post=6631"},{"taxonomy":"post_tag","embeddable":true,"href":"https:\/\/us.edu.pl\/instytut\/il\/wp-json\/wp\/v2\/tags?post=6631"}],"curies":[{"name":"wp","href":"https:\/\/api.w.org\/{rel}","templated":true}]}}