{"id":4655,"date":"2021-10-07T23:41:11","date_gmt":"2021-10-07T21:41:11","guid":{"rendered":"https:\/\/us.edu.pl\/instytut\/im\/?p=4655"},"modified":"2021-10-27T18:46:25","modified_gmt":"2021-10-27T16:46:25","slug":"publiczna-obrona-rozprawy-doktorskiej-mgr-tomasza-witczaka","status":"publish","type":"post","link":"https:\/\/us.edu.pl\/instytut\/im\/2021\/10\/07\/publiczna-obrona-rozprawy-doktorskiej-mgr-tomasza-witczaka\/","title":{"rendered":"Publiczna obrona rozprawy doktorskiej mgr. Tomasza Witczaka<br>(ZMIANA TERMINU!)"},"content":{"rendered":"<p>[vc_row][vc_column][vc_column_text]<span style=\"font-size: 12pt;\">Dyrektor i Rada Naukowa Instytutu Matematyki Uniwersytetu \u015al\u0105skiego w Katowicach zawiadamiaj\u0105, \u017ce w <span style=\"color: #000000;\"><span style=\"color: #ff0000;\"><strong>dniu 24 listopada 2021 r. <\/strong><\/span>o<strong> godz. 14:00\u00a0<\/strong>w<strong>\u00a0sali 6.1<\/strong><\/span>\u00a0budynku Wydzia\u0142u Humanistycznego przy <strong>ul. Uniwersyteckiej 4<\/strong>\u00a0<strong>w Katowicach<\/strong> odb\u0119dzie si\u0119 publiczna obrona pracy doktorskiej <\/span><\/p>\n<p style=\"text-align: center;\"><span style=\"font-size: 14pt;\">Pana\u00a0<strong><span style=\"color: #003366;\">mgr. Tomasza Witczaka<\/span><\/strong><\/span><\/p>\n<p style=\"text-align: left;\"><span style=\"font-size: 12pt;\">pod tytu\u0142em<\/span><\/p>\n<p style=\"text-align: center;\"><span style=\"color: #003366; font-size: 18pt;\"><em>Modele otoczeniowe i topologiczne dla klasycznych i intuicjonistycznych logik modalnych.<\/em><\/span><\/p>\n<p><span style=\"font-size: 12pt;\"><strong>Promotor rozprawy:<\/strong> <\/span><\/p>\n<p style=\"padding-left: 40px;\"><span style=\"font-size: 12pt;\">dr hab. Tomasz Po\u0142acik, prof. U\u015a, Uniwersytet \u015al\u0105ski w Katowicach.<\/span><\/p>\n<p><span style=\"font-size: 12pt;\"><strong>Recenzenci:<\/strong><\/span><\/p>\n<ul style=\"list-style-type: square;\">\n<li><span style=\"font-size: 12pt;\">prof. dr hab. Andrzej Indrzejczak, Uniwersytet \u0141\u00f3dzki,<\/span><\/li>\n<li><span style=\"font-size: 12pt;\">prof. dr hab. Kazimierz \u015awirydowicz, Uniwersytet im. Adama Mickiewicza w Poznaniu,<\/span><\/li>\n<li><span style=\"font-size: 12pt;\">dr hab. Marek Nasieniewski, prof. UMK, Uniwersytet Miko\u0142aja Kopernika w Toruniu.<\/span><\/li>\n<\/ul>\n<p><span style=\"font-size: 12pt;\">Ze wzgl\u0119du na restrykcje sanitarne, <strong>mo\u017cliwo\u015b\u0107 fizycznego udzia\u0142u w obronie dotyczy wy\u0142\u0105cznie Doktoranta i Komisji Doktorskiej<\/strong>.\u00a0<\/span><\/p>\n<p><span style=\"font-size: 12pt;\">Dla wszystkich pozosta\u0142ych zainteresowanych obrona transmitowana b\u0119dzie\u00a0<strong>na kanale U\u015a TV<\/strong> w portalu\u00a0YouTube: <strong><a href=\"https:\/\/youtu.be\/znXCZbgOs4U\">link do transmisji<\/a><\/strong>.<\/span><\/p>\n<p><span style=\"font-size: 12pt;\">Praca doktorska znajduje si\u0119 w Bibliotece Uniwersytetu \u015al\u0105skiego &#8211; <a href=\"https:\/\/www.ciniba.edu.pl\">Centrum Informacji Naukowej i Biblioteka Akademicka<\/a>.\u00a0<\/span><span style=\"font-size: 12pt;\">Streszczenie rozprawy oraz recenzje mo\u017cna znale\u017a\u0107 na <a href=\"https:\/\/us.edu.pl\/instytut\/im\/badanie-naukowe\/awanse\/przewody-doktorskie\/?doing_wp_cron=1624992793.4058659076690673828125\">tej stronie<\/a>\u00a0lub w <a href=\"http:\/\/bip.us.edu.pl\/mgr-tomasz-witczak\">BIP U\u015a<\/a>.<\/span><\/p>\n<p><span style=\"font-size: 12pt;\"><strong>Kopi\u0119 oficjalnego zawiadomienia<\/strong>, podpisanego przez Dyrekcj\u0119 Instytutu Matematyki, mo\u017cna pobra\u0107 klikaj\u0105c w <a href=\"https:\/\/us.edu.pl\/instytut\/im\/wp-content\/uploads\/sites\/43\/Dokumenty\/Doktoraty\/Tomasz-Witczak\/Obrona_Witczak_updated.pdf\">ten link<\/a>.<\/span>[\/vc_column_text][\/vc_column][\/vc_row]<\/p>","protected":false},"excerpt":{"rendered":"<p>[vc_row][vc_column][vc_column_text]Dyrektor i Rada Naukowa Instytutu Matematyki Uniwersytetu \u015al\u0105skiego w Katowicach zawiadamiaj\u0105, \u017ce w dniu 24 listopada 2021 r. o godz. 14:00\u00a0w\u00a0sali 6.1\u00a0budynku Wydzia\u0142u Humanistycznego przy ul. Uniwersyteckiej 4\u00a0w Katowicach odb\u0119dzie si\u0119 publiczna obrona pracy doktorskiej Pana\u00a0mgr. Tomasza Witczaka pod tytu\u0142em Modele otoczeniowe i topologiczne dla klasycznych i intuicjonistycznych logik modalnych. Promotor rozprawy: dr hab. Tomasz [&#8230;]<\/p>\n<p><a class=\"btn btn-secondary understrap-read-more-link\" href=\"https:\/\/us.edu.pl\/instytut\/im\/2021\/10\/07\/publiczna-obrona-rozprawy-doktorskiej-mgr-tomasza-witczaka\/\">Read More&#8230;<\/a><\/p>\n","protected":false},"author":820,"featured_media":3075,"comment_status":"open","ping_status":"open","sticky":false,"template":"","format":"standard","meta":{"_expiration-date-status":"saved","_expiration-date":0,"_expiration-date-type":"","_expiration-date-categories":[],"_expiration-date-options":[]},"categories":[20],"tags":[28],"acf":[],"_links":{"self":[{"href":"https:\/\/us.edu.pl\/instytut\/im\/wp-json\/wp\/v2\/posts\/4655"}],"collection":[{"href":"https:\/\/us.edu.pl\/instytut\/im\/wp-json\/wp\/v2\/posts"}],"about":[{"href":"https:\/\/us.edu.pl\/instytut\/im\/wp-json\/wp\/v2\/types\/post"}],"author":[{"embeddable":true,"href":"https:\/\/us.edu.pl\/instytut\/im\/wp-json\/wp\/v2\/users\/820"}],"replies":[{"embeddable":true,"href":"https:\/\/us.edu.pl\/instytut\/im\/wp-json\/wp\/v2\/comments?post=4655"}],"version-history":[{"count":7,"href":"https:\/\/us.edu.pl\/instytut\/im\/wp-json\/wp\/v2\/posts\/4655\/revisions"}],"predecessor-version":[{"id":4695,"href":"https:\/\/us.edu.pl\/instytut\/im\/wp-json\/wp\/v2\/posts\/4655\/revisions\/4695"}],"wp:featuredmedia":[{"embeddable":true,"href":"https:\/\/us.edu.pl\/instytut\/im\/wp-json\/wp\/v2\/media\/3075"}],"wp:attachment":[{"href":"https:\/\/us.edu.pl\/instytut\/im\/wp-json\/wp\/v2\/media?parent=4655"}],"wp:term":[{"taxonomy":"category","embeddable":true,"href":"https:\/\/us.edu.pl\/instytut\/im\/wp-json\/wp\/v2\/categories?post=4655"},{"taxonomy":"post_tag","embeddable":true,"href":"https:\/\/us.edu.pl\/instytut\/im\/wp-json\/wp\/v2\/tags?post=4655"}],"curies":[{"name":"wp","href":"https:\/\/api.w.org\/{rel}","templated":true}]}}