{"id":5707,"date":"2023-03-30T23:28:01","date_gmt":"2023-03-30T21:28:01","guid":{"rendered":"https:\/\/us.edu.pl\/instytut\/im\/?p=5707"},"modified":"2023-03-31T01:07:47","modified_gmt":"2023-03-30T23:07:47","slug":"publiczna-obrona-rozprawy-doktorskiej-mgr-miachala-rozanskiego","status":"publish","type":"post","link":"https:\/\/us.edu.pl\/instytut\/im\/2023\/03\/30\/publiczna-obrona-rozprawy-doktorskiej-mgr-miachala-rozanskiego\/","title":{"rendered":"Publiczna obrona rozprawy doktorskiej mgr. Micha\u0142a R\u00f3\u017ca\u0144skiego"},"content":{"rendered":"<p>[vc_row][vc_column][vc_column_text]<span style=\"font-size: 12pt;\">Dyrekcja i Rada Naukowa Instytutu Matematyki Uniwersytetu \u015al\u0105skiego w Katowicach zawiadamiaj\u0105, \u017ce w <span style=\"color: #000000;\"><strong>dniu 28 kwietnia 2023 r. <\/strong>o<strong> godz. 10:00\u00a0<\/strong>w<strong>\u00a0sali 227<\/strong><\/span>\u00a0budynku Instytutu Matematyki przy Bankowej 14 w Katowicach odb\u0119dzie si\u0119 publiczna obrona pracy doktorskiej Pana<\/span><\/p>\n<p style=\"text-align: center;\"><span style=\"font-size: 18pt;\"><span style=\"color: #003366;\">mgr. Micha\u0142a R\u00f3\u017ca\u0144skiego<\/span><\/span><\/p>\n<p style=\"text-align: left;\"><span style=\"font-size: 12pt;\">pod tytu\u0142em<\/span><\/p>\n<p style=\"text-align: center;\"><span style=\"color: #003366; font-size: 18pt; font-family: verdana, geneva, sans-serif;\"><em>Uog\u00f3lnienie nier\u00f3wno\u015bci Hadamarda oraz twierdze\u0144 Frobeniusa i Dieudonn\u00e9<\/em><\/span><\/p>\n<p><span style=\"font-size: 12pt;\"><strong>Promotor:<\/strong> <\/span><\/p>\n<p style=\"padding-left: 40px;\"><span style=\"font-size: 12pt;\">dr hab. in\u017c. Roman Witu\u0142a, prof. P\u015a, Politechnika \u015al\u0105ska.<\/span><\/p>\n<p><span style=\"font-size: 12pt;\"><strong>Promotor pomocniczy:<\/strong><\/span><\/p>\n<p style=\"padding-left: 40px;\"><span style=\"font-size: 12pt;\">dr in\u017c. Roskana S\u0142owik, Politechnika \u015al\u0105ska.<\/span><\/p>\n<p><span style=\"font-size: 12pt;\"><strong>Recenzenci:<\/strong><\/span><\/p>\n<ul style=\"list-style-type: square;\">\n<li><span style=\"font-size: 12pt;\">dr hab. Marek Galewski, prof. P\u0141, Politechnika \u0141\u00f3dzka,<\/span><\/li>\n<li><span style=\"font-size: 12pt;\">dr hab. Mariusz Grech, prof. PWr, Politechnika Wroc\u0142awska,<\/span><\/li>\n<li><span style=\"font-size: 12pt;\">dr hab. Maciej Ulas, prof. UJ, Uniwersytet Jagiello\u0144ski.<\/span><\/li>\n<\/ul>\n<p><span style=\"font-size: 12pt;\">Praca doktorska znajduje si\u0119 w Bibliotece Uniwersytetu \u015al\u0105skiego &#8211; <a href=\"https:\/\/www.ciniba.edu.pl\">Centrum Informacji Naukowej i Biblioteka Akademicka<\/a>.\u00a0<\/span><span style=\"font-size: 12pt;\">Streszczenie rozprawy oraz recenzje mo\u017cna znale\u017a\u0107 na <a href=\"https:\/\/us.edu.pl\/instytut\/im\/badanie-naukowe\/awanse\/przewody-doktorskie\/\">tej stronie<\/a>\u00a0lub w <a href=\"https:\/\/bip.us.edu.pl\/pl\/doktoraty\/mgr-michal-rozanski\">BIP U\u015a<\/a>.<\/span><\/p>\n<p><span style=\"font-size: 12pt;\"><strong>Kopi\u0119 oficjalnego zawiadomienia<\/strong>, podpisanego przez Dyrekcj\u0119 Instytutu Matematyki, mo\u017cna pobra\u0107 klikaj\u0105c w <a href=\"https:\/\/us.edu.pl\/instytut\/im\/wp-content\/uploads\/sites\/43\/Dokumenty\/Doktoraty\/Michal-Rozanski\/Rozanski_M_ogloszenie_obrona.pdf\">ten link<\/a>.<\/span>[\/vc_column_text][\/vc_column][\/vc_row]<\/p>","protected":false},"excerpt":{"rendered":"<p>[vc_row][vc_column][vc_column_text]Dyrekcja i Rada Naukowa Instytutu Matematyki Uniwersytetu \u015al\u0105skiego w Katowicach zawiadamiaj\u0105, \u017ce w dniu 28 kwietnia 2023 r. o godz. 10:00\u00a0w\u00a0sali 227\u00a0budynku Instytutu Matematyki przy Bankowej 14 w Katowicach odb\u0119dzie si\u0119 publiczna obrona pracy doktorskiej Pana mgr. Micha\u0142a R\u00f3\u017ca\u0144skiego pod tytu\u0142em Uog\u00f3lnienie nier\u00f3wno\u015bci Hadamarda oraz twierdze\u0144 Frobeniusa i Dieudonn\u00e9 Promotor: dr hab. in\u017c. Roman Witu\u0142a, [&#8230;]<\/p>\n<p><a class=\"btn btn-secondary understrap-read-more-link\" href=\"https:\/\/us.edu.pl\/instytut\/im\/2023\/03\/30\/publiczna-obrona-rozprawy-doktorskiej-mgr-miachala-rozanskiego\/\">Read More&#8230;<\/a><\/p>\n","protected":false},"author":820,"featured_media":3075,"comment_status":"open","ping_status":"open","sticky":false,"template":"","format":"standard","meta":{"_expiration-date-status":"","_expiration-date":0,"_expiration-date-type":"","_expiration-date-categories":[],"_expiration-date-options":[]},"categories":[20],"tags":[28],"acf":[],"_links":{"self":[{"href":"https:\/\/us.edu.pl\/instytut\/im\/wp-json\/wp\/v2\/posts\/5707"}],"collection":[{"href":"https:\/\/us.edu.pl\/instytut\/im\/wp-json\/wp\/v2\/posts"}],"about":[{"href":"https:\/\/us.edu.pl\/instytut\/im\/wp-json\/wp\/v2\/types\/post"}],"author":[{"embeddable":true,"href":"https:\/\/us.edu.pl\/instytut\/im\/wp-json\/wp\/v2\/users\/820"}],"replies":[{"embeddable":true,"href":"https:\/\/us.edu.pl\/instytut\/im\/wp-json\/wp\/v2\/comments?post=5707"}],"version-history":[{"count":5,"href":"https:\/\/us.edu.pl\/instytut\/im\/wp-json\/wp\/v2\/posts\/5707\/revisions"}],"predecessor-version":[{"id":5721,"href":"https:\/\/us.edu.pl\/instytut\/im\/wp-json\/wp\/v2\/posts\/5707\/revisions\/5721"}],"wp:featuredmedia":[{"embeddable":true,"href":"https:\/\/us.edu.pl\/instytut\/im\/wp-json\/wp\/v2\/media\/3075"}],"wp:attachment":[{"href":"https:\/\/us.edu.pl\/instytut\/im\/wp-json\/wp\/v2\/media?parent=5707"}],"wp:term":[{"taxonomy":"category","embeddable":true,"href":"https:\/\/us.edu.pl\/instytut\/im\/wp-json\/wp\/v2\/categories?post=5707"},{"taxonomy":"post_tag","embeddable":true,"href":"https:\/\/us.edu.pl\/instytut\/im\/wp-json\/wp\/v2\/tags?post=5707"}],"curies":[{"name":"wp","href":"https:\/\/api.w.org\/{rel}","templated":true}]}}