{"id":6030,"date":"2023-11-26T23:24:51","date_gmt":"2023-11-26T22:24:51","guid":{"rendered":"https:\/\/us.edu.pl\/instytut\/im\/?p=6030"},"modified":"2023-11-27T18:57:24","modified_gmt":"2023-11-27T17:57:24","slug":"wyniki-konkursu-im-marka-kuczmy-obejmujace-prace-opublikowane-w-2022-r","status":"publish","type":"post","link":"https:\/\/us.edu.pl\/instytut\/im\/2023\/11\/26\/wyniki-konkursu-im-marka-kuczmy-obejmujace-prace-opublikowane-w-2022-r\/","title":{"rendered":"Wyniki konkursu im. Marka Kuczmy obejmuj\u0105ce prace opublikowane w 2022 r."},"content":{"rendered":"<p>[vc_row][vc_column width=&#8221;5\/6&#8243;][vc_column_text]<span style=\"font-size: 12pt; color: #000000;\">Konkurs im. Marka Kuczmy organizowany jest corocznie przez Instytut Matematyki Uniwersytetu \u015al\u0105skiego\u00a0od 1974 roku. Jego celem jest wy\u0142onienie najlepszych polskich prac opublikowanych w danym roku kalendarzowym w dziedzinie r\u00f3wna\u0144 i nier\u00f3wno\u015bci funkcyjnych oraz zastosowa\u0144 tej teorii w dziedzinach pokrewnych. Jest to r\u00f3wnie\u017c forma upami\u0119tnienia tw\u00f3rcy polskiej szko\u0142y r\u00f3wna\u0144 funkcyjnych oraz naukowca, kt\u00f3ry by\u0142 zwi\u0105zany z Uniwersytetem \u015al\u0105skim od pocz\u0105tku jego powstania w 1968 roku.<\/span><\/p>\n<p><span style=\"font-size: 12pt; color: #000000;\">W ramach posiedzenia dnia <strong>25 listopada 2023 r.<\/strong> Jury konkursu og\u0142osi\u0142o list\u0119 laureat\u00f3w wyr\u00f3\u017cnionych za prace opublikowane w <strong>2022 r.<\/strong> W\u015br\u00f3d nich znale\u017ali si\u0119:<\/span><\/p>\n<ul style=\"list-style-type: square;\">\n<li><span style=\"font-size: 12pt; color: #000000;\">na I miejscu: <strong>dr hab.<\/strong> <strong>Janusz Morawiec, prof. U\u015a<\/strong>,\u00a0i <strong>dr<\/strong> <strong>Thomas Z\u00fcrcher<\/strong>\u00a0za publikacj\u0119<\/span><\/li>\n<\/ul>\n<p style=\"padding-left: 80px;\"><span style=\"font-size: 12pt; color: #000000;\"><em>A new take on random interval homeomorphisms<\/em>. Fund. Math. 257 (2022), no. 1, 1\u201317;<\/span><\/p>\n<ul style=\"list-style-type: square;\">\n<li><span style=\"font-size: 12pt; color: #000000;\">na II miejscu: <strong>dr<\/strong> <strong>Pawe\u0142 Pasteczka\u00a0<\/strong>za publikacj\u0119<\/span><\/li>\n<\/ul>\n<p style=\"padding-left: 80px;\"><span style=\"color: #000000; font-size: 12pt;\"><em>On the integral approach to means and their Hardy property<\/em>. Rev. R. Acad. Cienc. Exactas F\u00eds. Nat. Ser. A Mat. RACSAM 116 (2022), no. 4, paper no. 142, 20 pp.;<\/span><\/p>\n<ul style=\"list-style-type: square;\">\n<li><span style=\"font-size: 12pt; color: #000000;\">na III miejscu ex aequo:\u00a0<strong>prof. dr hab. Karol Baron<\/strong> i <strong>dr hab. Rafa\u0142 Kapica, prof. AGH<\/strong>, za publikacj\u0119<\/span><\/li>\n<\/ul>\n<p style=\"padding-left: 80px;\"><span style=\"color: #000000;\"><em><span style=\"font-size: 12pt;\">Strong law of large numbers for iterates of some random-valued functions. <\/span><\/em><span style=\"font-size: 12pt;\">Results Math. 77 (2022), no. 1, paper no. 50, 14 pp.<\/span><\/span><\/p>\n<p style=\"padding-left: 40px;\"><span style=\"font-size: 12pt; color: #000000;\">oraz <strong>dr Rados\u0142aw \u0141ukasik<\/strong> za publikacj\u0119<\/span><\/p>\n<p style=\"padding-left: 80px;\"><span style=\"font-size: 12pt; color: #000000;\"><em>Invariant vector means and complementability of Banach spaces in their second duals<\/em>. Aequationes Math. 96 (2022), no. 5, 1041\u20131052.<\/span><\/p>\n<p><span style=\"font-size: 12pt; color: #000000;\">Ponadto, podczas posiedzenia wr\u0119czono dyplomy laureatom konkursu za prace opublikowane w 2021 r.<\/span><\/p>\n<p><span style=\"font-size: 12pt;\"><span style=\"color: #000000;\">Wi\u0119cej informacji na temat Konkursu im. Marka Kuczmy mo\u017cna znale\u017a\u0107 na oficjalnej<\/span> <a href=\"https:\/\/us.edu.pl\/instytut\/im\/badanie-naukowe\/konkurs-im-marka-kuczmy\/\">stronie tego konkursu<\/a>.<\/span>[\/vc_column_text]            \r\n                    <div class=\"container\">\r\n                        <div class=\"gallery gallery_3\" data-images-in-row=\"3\">\r\n                            \r\n                            <div class=\"row m-0\">\r\n                                <a data-fancybox-group=\"button\" title=\"dr hab. Tomasz Kochanek, prof. UW, przyjmuj\u0105cy dyplom od Jury Konkursu\" data-fancybox=\"8081\" href=\"https:\/\/us.edu.pl\/instytut\/im\/wp-content\/uploads\/sites\/43\/Konkurs-im.-Marka-Kuczmy\/2022\/C1-scaled.jpg\" class=\"gallery__item thumbnail\"\r\n                                    style=\"background-image: url(https:\/\/us.edu.pl\/instytut\/im\/wp-content\/uploads\/sites\/43\/Konkurs-im.-Marka-Kuczmy\/2022\/C1-1024x768.jpg)\"> <span class=\"d-none\">https:\/\/us.edu.pl\/instytut\/im\/wp-content\/uploads\/sites\/43\/Konkurs-im.-Marka-Kuczmy\/2022\/C1-scaled.jpg<\/span> <\/a><a data-fancybox-group=\"button\" title=\"Prof. dr hab. Karol Baron przyjmuj\u0105cy dyplom od Jury Konkursu\" data-fancybox=\"8081\" href=\"https:\/\/us.edu.pl\/instytut\/im\/wp-content\/uploads\/sites\/43\/Konkurs-im.-Marka-Kuczmy\/2022\/C2-scaled.jpg\" class=\"gallery__item thumbnail\"\r\n                                    style=\"background-image: url(https:\/\/us.edu.pl\/instytut\/im\/wp-content\/uploads\/sites\/43\/Konkurs-im.-Marka-Kuczmy\/2022\/C2-1024x768.jpg)\"> <span class=\"d-none\">https:\/\/us.edu.pl\/instytut\/im\/wp-content\/uploads\/sites\/43\/Konkurs-im.-Marka-Kuczmy\/2022\/C2-scaled.jpg<\/span> <\/a><a data-fancybox-group=\"button\" title=\"Dr hab. Janusz Morawiec, prof. U\u015a, i dr Thomas Z\u00fcrcher przyjmuj\u0105cy dyplom od Jury Konkursu\" data-fancybox=\"8081\" href=\"https:\/\/us.edu.pl\/instytut\/im\/wp-content\/uploads\/sites\/43\/Konkurs-im.-Marka-Kuczmy\/2022\/C3-scaled.jpg\" class=\"gallery__item thumbnail\"\r\n                                    style=\"background-image: url(https:\/\/us.edu.pl\/instytut\/im\/wp-content\/uploads\/sites\/43\/Konkurs-im.-Marka-Kuczmy\/2022\/C3-1024x768.jpg)\"> <span class=\"d-none\">https:\/\/us.edu.pl\/instytut\/im\/wp-content\/uploads\/sites\/43\/Konkurs-im.-Marka-Kuczmy\/2022\/C3-scaled.jpg<\/span> <\/a>\r\n                            <\/div>\r\n                    <\/div>\r\n                <\/div>[\/vc_column][vc_column width=&#8221;1\/6&#8243;][vc_single_image image=&#8221;5388&#8243; img_size=&#8221;full&#8221; add_caption=&#8221;yes&#8221;][\/vc_column][\/vc_row]<\/p>","protected":false},"excerpt":{"rendered":"<p>[vc_row][vc_column width=&#8221;5\/6&#8243;][vc_column_text]Konkurs im. Marka Kuczmy organizowany jest corocznie przez Instytut Matematyki Uniwersytetu \u015al\u0105skiego\u00a0od 1974 roku. Jego celem jest wy\u0142onienie najlepszych polskich prac opublikowanych w danym roku kalendarzowym w dziedzinie r\u00f3wna\u0144 i nier\u00f3wno\u015bci funkcyjnych oraz zastosowa\u0144 tej teorii w dziedzinach pokrewnych. Jest to r\u00f3wnie\u017c forma upami\u0119tnienia tw\u00f3rcy polskiej szko\u0142y r\u00f3wna\u0144 funkcyjnych oraz naukowca, kt\u00f3ry by\u0142 zwi\u0105zany [&#8230;]<\/p>\n<p><a class=\"btn btn-secondary understrap-read-more-link\" href=\"https:\/\/us.edu.pl\/instytut\/im\/2023\/11\/26\/wyniki-konkursu-im-marka-kuczmy-obejmujace-prace-opublikowane-w-2022-r\/\">Read More&#8230;<\/a><\/p>\n","protected":false},"author":820,"featured_media":6034,"comment_status":"open","ping_status":"open","sticky":false,"template":"","format":"standard","meta":{"_expiration-date-status":"","_expiration-date":0,"_expiration-date-type":"","_expiration-date-categories":[],"_expiration-date-options":[]},"categories":[34],"tags":[],"acf":[],"_links":{"self":[{"href":"https:\/\/us.edu.pl\/instytut\/im\/wp-json\/wp\/v2\/posts\/6030"}],"collection":[{"href":"https:\/\/us.edu.pl\/instytut\/im\/wp-json\/wp\/v2\/posts"}],"about":[{"href":"https:\/\/us.edu.pl\/instytut\/im\/wp-json\/wp\/v2\/types\/post"}],"author":[{"embeddable":true,"href":"https:\/\/us.edu.pl\/instytut\/im\/wp-json\/wp\/v2\/users\/820"}],"replies":[{"embeddable":true,"href":"https:\/\/us.edu.pl\/instytut\/im\/wp-json\/wp\/v2\/comments?post=6030"}],"version-history":[{"count":10,"href":"https:\/\/us.edu.pl\/instytut\/im\/wp-json\/wp\/v2\/posts\/6030\/revisions"}],"predecessor-version":[{"id":6046,"href":"https:\/\/us.edu.pl\/instytut\/im\/wp-json\/wp\/v2\/posts\/6030\/revisions\/6046"}],"wp:featuredmedia":[{"embeddable":true,"href":"https:\/\/us.edu.pl\/instytut\/im\/wp-json\/wp\/v2\/media\/6034"}],"wp:attachment":[{"href":"https:\/\/us.edu.pl\/instytut\/im\/wp-json\/wp\/v2\/media?parent=6030"}],"wp:term":[{"taxonomy":"category","embeddable":true,"href":"https:\/\/us.edu.pl\/instytut\/im\/wp-json\/wp\/v2\/categories?post=6030"},{"taxonomy":"post_tag","embeddable":true,"href":"https:\/\/us.edu.pl\/instytut\/im\/wp-json\/wp\/v2\/tags?post=6030"}],"curies":[{"name":"wp","href":"https:\/\/api.w.org\/{rel}","templated":true}]}}