{"id":7388,"date":"2025-02-10T01:05:03","date_gmt":"2025-02-10T00:05:03","guid":{"rendered":"https:\/\/us.edu.pl\/instytut\/im\/?p=7388"},"modified":"2025-02-11T11:06:36","modified_gmt":"2025-02-11T10:06:36","slug":"10-forum-matematykow-polskich","status":"publish","type":"post","link":"https:\/\/us.edu.pl\/instytut\/im\/2025\/02\/10\/10-forum-matematykow-polskich\/","title":{"rendered":"10. Forum Matematyk\u00f3w Polskich"},"content":{"rendered":"<p>[vc_row][vc_column]\r\n                <div class=\"text-modules \">\r\n                    <div class=\"container\">\r\n                         \r\n                        <div class=\"row m-0\">\r\n                            <div class=\"text-modules__content\">\r\n                                <span style=\"font-size: 12pt; color: #000000;\">Uprzejmie informujemy, \u017ce w dniach <strong>8-12 wrze\u015bnia 2025 r.<\/strong> w <strong>Bia\u0142ymstoku<\/strong> odb\u0119dzie si\u0119 <strong>10 Forum Matematyk\u00f3w Polskich<\/strong>.<\/span><\/p>\n<p><span style=\"font-size: 12pt; color: #000000;\">W ramach Forum planowane jest wr\u0119czenie nagr\u00f3d PTM, wyk\u0142ady plenarne zaproszonych prelegent\u00f3w oraz wyst\u0105pienia uczestnik\u00f3w konferencji w ramach sesji tematycznych. R\u00f3wnocze\u015bnie z 10. FMP w Bia\u0142ymstoku b\u0119dzie mia\u0142a miejsce pi\u0105ta edycja interdyscyplinarnej konferencji z cyklu <b>Matematyka Pogranicza<\/b> o charakterze popularyzatorskim oraz dwudziesta pierwsza edycja <b>Og\u00f3lnopolskiej Konferencji Nauczania Matematyki w Uczelniach Technicznych<\/b>.<\/span><\/p>\n<p><span style=\"font-size: 12pt; color: #000000;\">10. FMP organizowane jest przez Polskie Towarzystwo Matematyczne i Oddzia\u0142 Bia\u0142ostocki Polskiego Towarzystwa Matematycznego we wsp\u00f3\u0142pracy z Uniwersytetem w Bia\u0142ymstoku oraz Politechnik\u0105 Bia\u0142ostock\u0105. Honorowy patronat nad 10. FMP obj\u0105\u0142 JM Rektor Uniwersytetu w Bia\u0142ymstoku, prof. dr hab. Mariusz Pop\u0142awski, oraz JM Rektor Politechniki Bia\u0142ostockiej, dr hab. Marta Kosior-Kazberuk, prof. PB.<\/span><\/p>\n<p><span style=\"font-size: 12pt;\"><span style=\"color: #000000;\">Wi\u0119cej informacji mo\u017cna znale\u017a\u0107 na stronie konferencji:<\/span> <a href=\"https:\/\/10fmp.uwb.edu.pl\/\" target=\"_blank\" rel=\"noopener\">https:\/\/10fmp.uwb.edu.pl<\/a><\/span> \r\n                                <div class=\"mt-3\"><\/div>\r\n                            <\/div>\r\n                            \r\n                            <div class=\"text-modules__img\"><a href=\"https:\/\/us.edu.pl\/instytut\/im\/wp-content\/uploads\/sites\/43\/Grafiki\/Posty-kafelki\/10FMP-small.png\" target=\"_blank\"><img src=\"https:\/\/us.edu.pl\/instytut\/im\/wp-content\/uploads\/sites\/43\/Grafiki\/Posty-kafelki\/10FMP-small.png\" alt=\"img\"><\/a><\/div>\r\n                        <\/div>\r\n                    <\/div>\r\n                <\/div>[\/vc_column][\/vc_row]<\/p>","protected":false},"excerpt":{"rendered":"<p>[vc_row][vc_column][\/vc_column][\/vc_row] [&#8230;]<\/p>\n<p><a class=\"btn btn-secondary understrap-read-more-link\" href=\"https:\/\/us.edu.pl\/instytut\/im\/2025\/02\/10\/10-forum-matematykow-polskich\/\">Read More&#8230;<\/a><\/p>\n","protected":false},"author":820,"featured_media":7418,"comment_status":"open","ping_status":"open","sticky":false,"template":"","format":"standard","meta":{"_expiration-date-status":"","_expiration-date":0,"_expiration-date-type":"","_expiration-date-categories":[],"_expiration-date-options":[]},"categories":[30],"tags":[],"acf":[],"_links":{"self":[{"href":"https:\/\/us.edu.pl\/instytut\/im\/wp-json\/wp\/v2\/posts\/7388"}],"collection":[{"href":"https:\/\/us.edu.pl\/instytut\/im\/wp-json\/wp\/v2\/posts"}],"about":[{"href":"https:\/\/us.edu.pl\/instytut\/im\/wp-json\/wp\/v2\/types\/post"}],"author":[{"embeddable":true,"href":"https:\/\/us.edu.pl\/instytut\/im\/wp-json\/wp\/v2\/users\/820"}],"replies":[{"embeddable":true,"href":"https:\/\/us.edu.pl\/instytut\/im\/wp-json\/wp\/v2\/comments?post=7388"}],"version-history":[{"count":8,"href":"https:\/\/us.edu.pl\/instytut\/im\/wp-json\/wp\/v2\/posts\/7388\/revisions"}],"predecessor-version":[{"id":7432,"href":"https:\/\/us.edu.pl\/instytut\/im\/wp-json\/wp\/v2\/posts\/7388\/revisions\/7432"}],"wp:featuredmedia":[{"embeddable":true,"href":"https:\/\/us.edu.pl\/instytut\/im\/wp-json\/wp\/v2\/media\/7418"}],"wp:attachment":[{"href":"https:\/\/us.edu.pl\/instytut\/im\/wp-json\/wp\/v2\/media?parent=7388"}],"wp:term":[{"taxonomy":"category","embeddable":true,"href":"https:\/\/us.edu.pl\/instytut\/im\/wp-json\/wp\/v2\/categories?post=7388"},{"taxonomy":"post_tag","embeddable":true,"href":"https:\/\/us.edu.pl\/instytut\/im\/wp-json\/wp\/v2\/tags?post=7388"}],"curies":[{"name":"wp","href":"https:\/\/api.w.org\/{rel}","templated":true}]}}