{"id":7779,"date":"2025-11-06T14:47:33","date_gmt":"2025-11-06T13:47:33","guid":{"rendered":"https:\/\/us.edu.pl\/instytut\/im\/?p=7779"},"modified":"2025-11-06T14:50:24","modified_gmt":"2025-11-06T13:50:24","slug":"wyklad-prof-michala-morayne","status":"publish","type":"post","link":"https:\/\/us.edu.pl\/instytut\/im\/2025\/11\/06\/wyklad-prof-michala-morayne\/","title":{"rendered":"Wyk\u0142ad Prof. Micha\u0142a Morayne"},"content":{"rendered":"<p>[vc_row][vc_column width=&#8221;2\/3&#8243;][vc_column_text]<span style=\"font-size: 12pt; font-family: verdana, geneva, sans-serif;\"><span style=\"color: #000000;\">W imieniu Komisji Matematyki<\/span> <a href=\"https:\/\/pau.krakow.pl\/index.php\/pl\/\" target=\"_blank\" rel=\"noopener\">Polskiej Akademii Umiej\u0119tno\u015bci<\/a>,<span style=\"color: #000000;\"> Oddzia\u0142u G\u00f3rno\u015bl\u0105skiego<\/span> <a href=\"https:\/\/www.ptm.org.pl\" target=\"_blank\" rel=\"noopener\">Polskiego Towarzystwa Matematycznego<\/a> <span style=\"color: #000000;\">oraz <em>Seminarium z R\u00f3wna\u0144 i Nier\u00f3wno\u015bci Funkcyjnych o Wielu Zmiennych<\/em> serdecznie zapraszamy na wyk\u0142ad <strong>prof. dr hab. Micha\u0142a Morayne <\/strong>(Politechnika Wroc\u0142awska) pt.<\/span><\/span><\/p>\n<p style=\"padding-left: 40px;\"><span style=\"color: #000000; font-family: verdana, geneva, sans-serif;\"><em><span style=\"font-size: 14pt;\">Problem sekretarki a kombinatoryka.<\/span><\/em><\/span><\/p>\n<p><span style=\"font-size: 12pt; color: #000000; font-family: verdana, geneva, sans-serif;\">Wyk\u0142ad odb\u0119dzie si\u0119 w poniedzia\u0142ek <strong>1 grudnia 2025 r.<\/strong> o godzinie <strong>16:15<\/strong> w sali <strong>420<\/strong> Instytutu Matematyki Uniwersytetu \u015al\u0105skiego przy ul. Bankowej 14 w Katowicach.<\/span><\/p>\n<p><span style=\"font-size: 12pt; font-family: verdana, geneva, sans-serif;\"><span style=\"color: #000000;\">Kr\u00f3tki opis sylwetki Profesora mo\u017cna znale\u017a\u0107 np. na stronach:<\/span><\/span><\/p>\n<ul style=\"list-style-type: square;\">\n<li><span style=\"font-size: 12pt; font-family: verdana, geneva, sans-serif;\"><a href=\"https:\/\/slowowroclawian.pl\/ludzie\/michal-morayne\" target=\"_blank\" rel=\"noopener\">https:\/\/slowowroclawian.pl\/ludzie\/michal-morayne,<\/a><\/span><\/li>\n<li><span style=\"font-size: 12pt; font-family: verdana, geneva, sans-serif;\"><a href=\"https:\/\/pl.wikipedia.org\/wiki\/Micha\u0142_Morayne\" target=\"_blank\" rel=\"noopener\">https:\/\/pl.wikipedia.org\/wiki\/Micha\u0142_Morayne<\/a>.<\/span><\/li>\n<\/ul>\n<p>[\/vc_column_text][\/vc_column][vc_column width=&#8221;1\/3&#8243;][vc_single_image image=&#8221;7782&#8243; img_size=&#8221;medium&#8221; add_caption=&#8221;yes&#8221; alignment=&#8221;center&#8221;][\/vc_column][\/vc_row]<\/p>","protected":false},"excerpt":{"rendered":"<p>[vc_row][vc_column width=&#8221;2\/3&#8243;][vc_column_text]W imieniu Komisji Matematyki Polskiej Akademii Umiej\u0119tno\u015bci, Oddzia\u0142u G\u00f3rno\u015bl\u0105skiego Polskiego Towarzystwa Matematycznego oraz Seminarium z R\u00f3wna\u0144 i Nier\u00f3wno\u015bci Funkcyjnych o Wielu Zmiennych serdecznie zapraszamy na wyk\u0142ad prof. dr hab. Micha\u0142a Morayne (Politechnika Wroc\u0142awska) pt. Problem sekretarki a kombinatoryka. Wyk\u0142ad odb\u0119dzie si\u0119 w poniedzia\u0142ek 1 grudnia 2025 r. o godzinie 16:15 w sali 420 Instytutu [&#8230;]<\/p>\n<p><a class=\"btn btn-secondary understrap-read-more-link\" href=\"https:\/\/us.edu.pl\/instytut\/im\/2025\/11\/06\/wyklad-prof-michala-morayne\/\">Read More&#8230;<\/a><\/p>\n","protected":false},"author":820,"featured_media":4178,"comment_status":"open","ping_status":"open","sticky":false,"template":"","format":"standard","meta":{"_expiration-date-status":"","_expiration-date":0,"_expiration-date-type":"","_expiration-date-categories":[],"_expiration-date-options":[]},"categories":[23,37],"tags":[],"acf":[],"_links":{"self":[{"href":"https:\/\/us.edu.pl\/instytut\/im\/wp-json\/wp\/v2\/posts\/7779"}],"collection":[{"href":"https:\/\/us.edu.pl\/instytut\/im\/wp-json\/wp\/v2\/posts"}],"about":[{"href":"https:\/\/us.edu.pl\/instytut\/im\/wp-json\/wp\/v2\/types\/post"}],"author":[{"embeddable":true,"href":"https:\/\/us.edu.pl\/instytut\/im\/wp-json\/wp\/v2\/users\/820"}],"replies":[{"embeddable":true,"href":"https:\/\/us.edu.pl\/instytut\/im\/wp-json\/wp\/v2\/comments?post=7779"}],"version-history":[{"count":10,"href":"https:\/\/us.edu.pl\/instytut\/im\/wp-json\/wp\/v2\/posts\/7779\/revisions"}],"predecessor-version":[{"id":7790,"href":"https:\/\/us.edu.pl\/instytut\/im\/wp-json\/wp\/v2\/posts\/7779\/revisions\/7790"}],"wp:featuredmedia":[{"embeddable":true,"href":"https:\/\/us.edu.pl\/instytut\/im\/wp-json\/wp\/v2\/media\/4178"}],"wp:attachment":[{"href":"https:\/\/us.edu.pl\/instytut\/im\/wp-json\/wp\/v2\/media?parent=7779"}],"wp:term":[{"taxonomy":"category","embeddable":true,"href":"https:\/\/us.edu.pl\/instytut\/im\/wp-json\/wp\/v2\/categories?post=7779"},{"taxonomy":"post_tag","embeddable":true,"href":"https:\/\/us.edu.pl\/instytut\/im\/wp-json\/wp\/v2\/tags?post=7779"}],"curies":[{"name":"wp","href":"https:\/\/api.w.org\/{rel}","templated":true}]}}