{"id":1211,"date":"2020-11-10T08:23:50","date_gmt":"2020-11-10T07:23:50","guid":{"rendered":"https:\/\/us.edu.pl\/instytut\/inok\/?p=1211"},"modified":"2021-02-01T13:33:34","modified_gmt":"2021-02-01T12:33:34","slug":"wyroznienie-za-projekt","status":"publish","type":"post","link":"https:\/\/us.edu.pl\/instytut\/inok\/2020\/11\/10\/wyroznienie-za-projekt\/","title":{"rendered":"Wyr\u00f3\u017cnienie za projekt"},"content":{"rendered":"<p><span style=\"font-size: 12pt\">Ministerstwo Nauki i Szkolnictwa Wy\u017cszego w ramach 13. Mi\u0119dzynarodowych Targ\u00f3w Wynalazk\u00f3w i Innowacji INTRAG 2020 przyzna\u0142o wyr\u00f3\u017cnienie Uniwersytetowi \u015al\u0105skiemu w Katowicach i Politechnice Wroc\u0142awskiej za projekt pn. \u201eNowe naturalne surfaktanty \u2013 bezpieczne i skuteczne \u015brodki ochrony zabytk\u00f3w literatury\u201d, w kt\u00f3rym uczestnicz\u0105: <strong>dr Agnieszka Bangrowska z Wydzia\u0142u Humanistycznego U\u015a [Instytut Nauk o Kulturze]<\/strong>, prof. dr hab. Robert Musio\u0142 i dr hab. Monika Geppert-Rybczy\u0144ska, prof. U\u015a z Wydzia\u0142u Nauk \u015acis\u0142ych i Technicznych U\u015a, a tak\u017ce dr hab. Joanna Feder-Kubis z Katedry In\u017cynierii Procesowej i Technologii Materia\u0142\u00f3w Polimerowych i W\u0119glowych PWr. Uczelnie zosta\u0142y uhonorowane za wysokiej rangi nagrody uzyskane w zwi\u0105zku z prezentacj\u0105 wynalazk\u00f3w w 2019 roku na Mi\u0119dzynarodowych Targach Wynalazczo\u015bci.<\/span><\/p>\n<p><span style=\"font-size: 12pt\">https:\/\/www.intarg.haller.pl\/<\/span><\/p>\n<p>&nbsp;<\/p>","protected":false},"excerpt":{"rendered":"<p>Ministerstwo Nauki i Szkolnictwa Wy\u017cszego w ramach 13. Mi\u0119dzynarodowych Targ\u00f3w Wynalazk\u00f3w i Innowacji INTRAG 2020 przyzna\u0142o wyr\u00f3\u017cnienie Uniwersytetowi \u015al\u0105skiemu w Katowicach i Politechnice Wroc\u0142awskiej za projekt pn. \u201eNowe naturalne surfaktanty \u2013 bezpieczne i skuteczne \u015brodki ochrony zabytk\u00f3w literatury\u201d, w kt\u00f3rym uczestnicz\u0105: dr Agnieszka Bangrowska z Wydzia\u0142u Humanistycznego U\u015a [Instytut Nauk o Kulturze], prof. dr hab. [&#8230;]<\/p>\n<p><a class=\"btn btn-secondary understrap-read-more-link\" href=\"https:\/\/us.edu.pl\/instytut\/inok\/2020\/11\/10\/wyroznienie-za-projekt\/\">Read More&#8230;<\/a><\/p>\n","protected":false},"author":1658,"featured_media":1055,"comment_status":"open","ping_status":"open","sticky":false,"template":"","format":"standard","meta":{"_expiration-date-status":"saved","_expiration-date":0,"_expiration-date-type":"","_expiration-date-categories":[],"_expiration-date-options":[]},"categories":[8,42],"tags":[48,20,21,22],"acf":[],"_links":{"self":[{"href":"https:\/\/us.edu.pl\/instytut\/inok\/wp-json\/wp\/v2\/posts\/1211"}],"collection":[{"href":"https:\/\/us.edu.pl\/instytut\/inok\/wp-json\/wp\/v2\/posts"}],"about":[{"href":"https:\/\/us.edu.pl\/instytut\/inok\/wp-json\/wp\/v2\/types\/post"}],"author":[{"embeddable":true,"href":"https:\/\/us.edu.pl\/instytut\/inok\/wp-json\/wp\/v2\/users\/1658"}],"replies":[{"embeddable":true,"href":"https:\/\/us.edu.pl\/instytut\/inok\/wp-json\/wp\/v2\/comments?post=1211"}],"version-history":[{"count":3,"href":"https:\/\/us.edu.pl\/instytut\/inok\/wp-json\/wp\/v2\/posts\/1211\/revisions"}],"predecessor-version":[{"id":1215,"href":"https:\/\/us.edu.pl\/instytut\/inok\/wp-json\/wp\/v2\/posts\/1211\/revisions\/1215"}],"wp:featuredmedia":[{"embeddable":true,"href":"https:\/\/us.edu.pl\/instytut\/inok\/wp-json\/wp\/v2\/media\/1055"}],"wp:attachment":[{"href":"https:\/\/us.edu.pl\/instytut\/inok\/wp-json\/wp\/v2\/media?parent=1211"}],"wp:term":[{"taxonomy":"category","embeddable":true,"href":"https:\/\/us.edu.pl\/instytut\/inok\/wp-json\/wp\/v2\/categories?post=1211"},{"taxonomy":"post_tag","embeddable":true,"href":"https:\/\/us.edu.pl\/instytut\/inok\/wp-json\/wp\/v2\/tags?post=1211"}],"curies":[{"name":"wp","href":"https:\/\/api.w.org\/{rel}","templated":true}]}}