{"id":1351,"date":"2021-03-05T08:49:58","date_gmt":"2021-03-05T07:49:58","guid":{"rendered":"https:\/\/us.edu.pl\/instytut\/inok\/?p=1351"},"modified":"2026-03-02T13:57:51","modified_gmt":"2026-03-02T12:57:51","slug":"zebranie-sprawozdawcze","status":"publish","type":"post","link":"https:\/\/us.edu.pl\/instytut\/inok\/2021\/03\/05\/zebranie-sprawozdawcze\/","title":{"rendered":"Zebranie Sprawozdawcze"},"content":{"rendered":"<p>[vc_row][vc_column width=&#8221;2\/3&#8243;][vc_column_text]<\/p>\n<div class=\"wpb_column vc_column_container vc_col-sm-8\">\n<p style=\"text-align: center;\"><span style=\"font-family: 'times new roman', times, serif; color: #000000;\"><strong><span style=\"font-size: 14pt;\">Szanowni Pa\u0144stwo,<\/span><\/strong><\/span><\/p>\n<p style=\"text-align: center;\"><span style=\"color: #000000; font-family: 'times new roman', times, serif;\"><strong><span style=\"font-size: 14pt;\">we wtorek, <span style=\"color: #0000ff;\">3 marca 2026 roku o godzinie 18.00 <\/span><\/span><\/strong><\/span><\/p>\n<p style=\"text-align: center;\"><span style=\"color: #000000; font-family: 'times new roman', times, serif;\"><strong><span style=\"font-size: 14pt;\">online [Microsoft Teams]<\/span><\/strong><\/span><\/p>\n<p style=\"text-align: center;\"><span style=\"font-family: 'times new roman', times, serif; color: #000000;\"><strong><span style=\"font-size: 14pt;\">odb\u0119dzie si\u0119 zebranie sprawozdawcze Instytutu Nauk o Kulturze. <\/span><\/strong><\/span><\/p>\n<p style=\"text-align: center;\"><span style=\"font-family: 'times new roman', times, serif; color: #000000;\"><strong><span style=\"font-size: 14pt;\">Serdecznie zapraszamy!<\/span><\/strong><\/span><\/p>\n<\/div>\n<p>[\/vc_column_text][\/vc_column][vc_column width=&#8221;1\/3&#8243;]\r\n                <div class=\"text-modules\">\r\n                    <div class=\"container\">\r\n                        \r\n                        <div class=\"text-modules__content\"><p><img class=\"alignnone size-medium wp-image-2396\" src=\"https:\/\/us.edu.pl\/instytut\/inok\/wp-content\/uploads\/sites\/28\/Bez-kategorii\/wyklad-300x225.jpg\" alt=\"zdj\u0119cie przedstawiaj\u0105ce sal\u0119 wyk\u0142adow\u0105 podczas wyk\u0142adu\" width=\"300\" height=\"225\" srcset=\"https:\/\/us.edu.pl\/instytut\/inok\/wp-content\/uploads\/sites\/28\/Bez-kategorii\/wyklad-300x225.jpg 300w, https:\/\/us.edu.pl\/instytut\/inok\/wp-content\/uploads\/sites\/28\/Bez-kategorii\/wyklad-575x430.jpg 575w, https:\/\/us.edu.pl\/instytut\/inok\/wp-content\/uploads\/sites\/28\/Bez-kategorii\/wyklad.jpg 640w\" sizes=\"(max-width: 300px) 100vw, 300px\" \/><\/p>\n<\/div>\r\n                    <\/div>\r\n                <\/div>[\/vc_column][\/vc_row]<\/p>","protected":false},"excerpt":{"rendered":"<p>[vc_row][vc_column width=&#8221;2\/3&#8243;][vc_column_text] Szanowni Pa\u0144stwo, we wtorek, 3 marca 2026 roku o godzinie 18.00 online [Microsoft Teams] odb\u0119dzie si\u0119 zebranie sprawozdawcze Instytutu Nauk o Kulturze. Serdecznie zapraszamy! [\/vc_column_text][\/vc_column][vc_column width=&#8221;1\/3&#8243;][\/vc_column][\/vc_row] [&#8230;]<\/p>\n<p><a class=\"btn btn-secondary understrap-read-more-link\" href=\"https:\/\/us.edu.pl\/instytut\/inok\/2021\/03\/05\/zebranie-sprawozdawcze\/\">Read More&#8230;<\/a><\/p>\n","protected":false},"author":1658,"featured_media":2396,"comment_status":"open","ping_status":"open","sticky":false,"template":"","format":"standard","meta":{"_expiration-date-status":"saved","_expiration-date":0,"_expiration-date-type":"","_expiration-date-categories":[],"_expiration-date-options":[]},"categories":[8],"tags":[16,46,79],"acf":[],"_links":{"self":[{"href":"https:\/\/us.edu.pl\/instytut\/inok\/wp-json\/wp\/v2\/posts\/1351"}],"collection":[{"href":"https:\/\/us.edu.pl\/instytut\/inok\/wp-json\/wp\/v2\/posts"}],"about":[{"href":"https:\/\/us.edu.pl\/instytut\/inok\/wp-json\/wp\/v2\/types\/post"}],"author":[{"embeddable":true,"href":"https:\/\/us.edu.pl\/instytut\/inok\/wp-json\/wp\/v2\/users\/1658"}],"replies":[{"embeddable":true,"href":"https:\/\/us.edu.pl\/instytut\/inok\/wp-json\/wp\/v2\/comments?post=1351"}],"version-history":[{"count":10,"href":"https:\/\/us.edu.pl\/instytut\/inok\/wp-json\/wp\/v2\/posts\/1351\/revisions"}],"predecessor-version":[{"id":4244,"href":"https:\/\/us.edu.pl\/instytut\/inok\/wp-json\/wp\/v2\/posts\/1351\/revisions\/4244"}],"wp:featuredmedia":[{"embeddable":true,"href":"https:\/\/us.edu.pl\/instytut\/inok\/wp-json\/wp\/v2\/media\/2396"}],"wp:attachment":[{"href":"https:\/\/us.edu.pl\/instytut\/inok\/wp-json\/wp\/v2\/media?parent=1351"}],"wp:term":[{"taxonomy":"category","embeddable":true,"href":"https:\/\/us.edu.pl\/instytut\/inok\/wp-json\/wp\/v2\/categories?post=1351"},{"taxonomy":"post_tag","embeddable":true,"href":"https:\/\/us.edu.pl\/instytut\/inok\/wp-json\/wp\/v2\/tags?post=1351"}],"curies":[{"name":"wp","href":"https:\/\/api.w.org\/{rel}","templated":true}]}}