{"id":2132,"date":"2022-03-03T08:29:45","date_gmt":"2022-03-03T07:29:45","guid":{"rendered":"https:\/\/us.edu.pl\/instytut\/inok\/?p=2132"},"modified":"2022-09-02T11:12:16","modified_gmt":"2022-09-02T09:12:16","slug":"pozegnanie-prof-zygmunta-wozniczki","status":"publish","type":"post","link":"https:\/\/us.edu.pl\/instytut\/inok\/2022\/03\/03\/pozegnanie-prof-zygmunta-wozniczki\/","title":{"rendered":"Po\u017cegnanie Prof. dr. hab. Zygmunta Wo\u017aniczki"},"content":{"rendered":"<p>[vc_row][vc_column width=&#8221;2\/3&#8243;]\r\n                <div class=\"text-modules\">\r\n                    <div class=\"container\">\r\n                        \r\n                        <div class=\"text-modules__content\"><p><span style=\"font-size: 12pt;\">\u017begnamy dzi\u015b pe\u0142nego pasji poznawczej Uczonego, naszego Koleg\u0119, kt\u00f3rego losy przez trzy dekady zwi\u0105zane by\u0142y z Instytutem Nauk o Kulturze i Zak\u0142adem Teorii i Historii Kultury. Profesor Zygmunt Wo\u017aniczka nie by\u0142 kulturoznawc\u0105, by\u0142 historykiem, otoczonym pami\u0105tkami przesz\u0142o\u015bci, starymi ksi\u0105\u017ckami, unikalnymi archiwaliami, a tak\u017ce lud\u017ami-\u015bwiadkami wielkich i wa\u017cnych wydarze\u0144. Ludzi tych cz\u0119stokro\u0107 zaprasza\u0142 do nas, do gabinetu 302 w budynku Wydzia\u0142u Filologicznego przy Placu Sejmu \u015al\u0105skiego 1 w Katowicach.\u00a0<\/span><\/p>\n<p><span style=\"font-size: 12pt;\">Jego \u017cycie by\u0142o zanurzone w historii, przedmioty z dawnych czas\u00f3w, przegryzione rdz\u0105, zakurzone i obsypane py\u0142em m\u00f3wi\u0142y do niego j\u0119zykami, kt\u00f3re nie zawsze rozumieli\u015bmy. Historia, kt\u00f3r\u0105 Zygmunt przywraca\u0142 tera\u017aniejszo\u015bci, nie by\u0142a kostyczna, by\u0142a przesycona jego pasj\u0105, ale nigdy zacietrzewieniem. Do postaci historycznych mia\u0142 stosunek powa\u017cny, ale nie nabo\u017cny, zawsze stara\u0142 si\u0119 by\u0107 sprawiedliwy. Korzystali\u015bmy niejednokrotnie z jego rozleg\u0142ej wiedzy, \u017cyczliwo\u015bci i otwarto\u015bci. B\u0119dzie nam Go brakowa\u0142o.\u00a0<\/span><\/p>\n<\/div>\r\n                    <\/div>\r\n                <\/div>[\/vc_column][vc_column width=&#8221;1\/3&#8243;]\r\n                <div class=\"text-modules\">\r\n                    <div class=\"container\">\r\n                        \r\n                        <div class=\"text-modules__content\"><p><img class=\"alignnone size-medium wp-image-2133\" src=\"https:\/\/us.edu.pl\/instytut\/inok\/wp-content\/uploads\/sites\/28\/Nieprzypisane\/czarna-r\u00f3\u017ca-300x188.jpg\" alt=\"zdj\u0119cie przedstawiaj\u0105ce czarn\u0105 r\u00f3\u017c\u0119 le\u017c\u0105c\u0105 na kartce ze s\u0142owami\" width=\"300\" height=\"188\" \/><\/p>\n<\/div>\r\n                    <\/div>\r\n                <\/div>[\/vc_column][\/vc_row]<\/p>","protected":false},"excerpt":{"rendered":"<p>[vc_row][vc_column width=&#8221;2\/3&#8243;][\/vc_column][vc_column width=&#8221;1\/3&#8243;][\/vc_column][\/vc_row] [&#8230;]<\/p>\n<p><a class=\"btn btn-secondary understrap-read-more-link\" href=\"https:\/\/us.edu.pl\/instytut\/inok\/2022\/03\/03\/pozegnanie-prof-zygmunta-wozniczki\/\">Read More&#8230;<\/a><\/p>\n","protected":false},"author":1658,"featured_media":2133,"comment_status":"open","ping_status":"open","sticky":false,"template":"","format":"standard","meta":{"_expiration-date-status":"saved","_expiration-date":0,"_expiration-date-type":"","_expiration-date-categories":[],"_expiration-date-options":[]},"categories":[8],"tags":[90,133,74],"acf":[],"_links":{"self":[{"href":"https:\/\/us.edu.pl\/instytut\/inok\/wp-json\/wp\/v2\/posts\/2132"}],"collection":[{"href":"https:\/\/us.edu.pl\/instytut\/inok\/wp-json\/wp\/v2\/posts"}],"about":[{"href":"https:\/\/us.edu.pl\/instytut\/inok\/wp-json\/wp\/v2\/types\/post"}],"author":[{"embeddable":true,"href":"https:\/\/us.edu.pl\/instytut\/inok\/wp-json\/wp\/v2\/users\/1658"}],"replies":[{"embeddable":true,"href":"https:\/\/us.edu.pl\/instytut\/inok\/wp-json\/wp\/v2\/comments?post=2132"}],"version-history":[{"count":3,"href":"https:\/\/us.edu.pl\/instytut\/inok\/wp-json\/wp\/v2\/posts\/2132\/revisions"}],"predecessor-version":[{"id":2750,"href":"https:\/\/us.edu.pl\/instytut\/inok\/wp-json\/wp\/v2\/posts\/2132\/revisions\/2750"}],"wp:featuredmedia":[{"embeddable":true,"href":"https:\/\/us.edu.pl\/instytut\/inok\/wp-json\/wp\/v2\/media\/2133"}],"wp:attachment":[{"href":"https:\/\/us.edu.pl\/instytut\/inok\/wp-json\/wp\/v2\/media?parent=2132"}],"wp:term":[{"taxonomy":"category","embeddable":true,"href":"https:\/\/us.edu.pl\/instytut\/inok\/wp-json\/wp\/v2\/categories?post=2132"},{"taxonomy":"post_tag","embeddable":true,"href":"https:\/\/us.edu.pl\/instytut\/inok\/wp-json\/wp\/v2\/tags?post=2132"}],"curies":[{"name":"wp","href":"https:\/\/api.w.org\/{rel}","templated":true}]}}