{"id":3468,"date":"2023-11-29T09:49:17","date_gmt":"2023-11-29T08:49:17","guid":{"rendered":"https:\/\/us.edu.pl\/instytut\/inok\/?p=3468"},"modified":"2023-11-29T09:49:17","modified_gmt":"2023-11-29T08:49:17","slug":"pracownicy-inok-w-skladzie-komitetu-nauk-o-kulturze-pan","status":"publish","type":"post","link":"https:\/\/us.edu.pl\/instytut\/inok\/2023\/11\/29\/pracownicy-inok-w-skladzie-komitetu-nauk-o-kulturze-pan\/","title":{"rendered":"Pracownicy INoK w sk\u0142adzie Komitetu Nauk o Kulturze PAN"},"content":{"rendered":"<p>[vc_row][vc_column width=&#8221;2\/3&#8243;]\r\n                <div class=\"text-modules\">\r\n                    <div class=\"container\">\r\n                        \r\n                        <div class=\"text-modules__content\"><p>W sk\u0142ad <strong>Komitetu Nauk o Kulturze<\/strong> Polskiej Akademii Nauk w tegorocznych wyborach komitet\u00f3w naukowych weszli:<\/p>\n<p><a href=\"https:\/\/us.edu.pl\/instytut\/inok\/osoby\/ilona-copik\/\" target=\"_blank\" rel=\"noopener\">dr hab. Ilona Copik, prof. U\u015a<\/a>,<\/p>\n<p><a href=\"https:\/\/us.edu.pl\/instytut\/inok\/osoby\/dorota-fox\/\" target=\"_blank\" rel=\"noopener\">dr hab. Dorota Fox, prof. U\u015a<\/a>,<\/p>\n<p><a href=\"https:\/\/us.edu.pl\/instytut\/inok\/osoby\/anna-gomola\/\" target=\"_blank\" rel=\"noopener\">dr hab. Anna Gom\u00f3\u0142a, prof. U\u015a<\/a>,<\/p>\n<p><a href=\"https:\/\/us.edu.pl\/instytut\/inok\/osoby\/beata-gontarz\/\" target=\"_blank\" rel=\"noopener\">dr hab. Beata Gontarz, prof. U\u015a<\/a>,<\/p>\n<p><a href=\"https:\/\/us.edu.pl\/instytut\/inok\/osoby\/ewa-kosowska\/\" target=\"_blank\" rel=\"noopener\">prof. em. U\u015a Ewa Kosowska<\/a>,<\/p>\n<p><a href=\"https:\/\/us.edu.pl\/instytut\/inok\/osoby\/piotr-zawojski\/\" target=\"_blank\" rel=\"noopener\">prof. dr hab. Piotr Zawojski<\/a>.<\/p>\n<p>https:\/\/pan.pl\/blog\/informacja-o-wynikach-wyborow-do-komitetow-naukowych-polskiej-akademii-nauk\/<\/p>\n<\/div>\r\n                    <\/div>\r\n                <\/div>[\/vc_column][vc_column width=&#8221;1\/3&#8243;]\r\n                <div class=\"text-modules\">\r\n                    <div class=\"container\">\r\n                        \r\n                        <div class=\"text-modules__content\"><p><img class=\"alignnone size-medium wp-image-3469\" src=\"https:\/\/us.edu.pl\/instytut\/inok\/wp-content\/uploads\/sites\/28\/Bez-kategorii\/logo-PAN-300x251.png\" alt=\"na bia\u0142ym tle niebieskie logo PAN Polskiej Akademii Nauk\" width=\"300\" height=\"251\" srcset=\"https:\/\/us.edu.pl\/instytut\/inok\/wp-content\/uploads\/sites\/28\/Bez-kategorii\/logo-PAN-300x251.png 300w, https:\/\/us.edu.pl\/instytut\/inok\/wp-content\/uploads\/sites\/28\/Bez-kategorii\/logo-PAN-768x644.png 768w, https:\/\/us.edu.pl\/instytut\/inok\/wp-content\/uploads\/sites\/28\/Bez-kategorii\/logo-PAN-575x482.png 575w, https:\/\/us.edu.pl\/instytut\/inok\/wp-content\/uploads\/sites\/28\/Bez-kategorii\/logo-PAN.png 940w\" sizes=\"(max-width: 300px) 100vw, 300px\" \/><\/p>\n<\/div>\r\n                    <\/div>\r\n                <\/div>[\/vc_column][\/vc_row]<\/p>","protected":false},"excerpt":{"rendered":"<p>[vc_row][vc_column width=&#8221;2\/3&#8243;][\/vc_column][vc_column width=&#8221;1\/3&#8243;][\/vc_column][\/vc_row] [&#8230;]<\/p>\n<p><a class=\"btn btn-secondary understrap-read-more-link\" href=\"https:\/\/us.edu.pl\/instytut\/inok\/2023\/11\/29\/pracownicy-inok-w-skladzie-komitetu-nauk-o-kulturze-pan\/\">Read More&#8230;<\/a><\/p>\n","protected":false},"author":1658,"featured_media":3469,"comment_status":"open","ping_status":"open","sticky":false,"template":"","format":"standard","meta":{"_expiration-date-status":"","_expiration-date":0,"_expiration-date-type":"","_expiration-date-categories":[],"_expiration-date-options":[]},"categories":[8,42],"tags":[170,94,157,154,304,305,292],"acf":[],"_links":{"self":[{"href":"https:\/\/us.edu.pl\/instytut\/inok\/wp-json\/wp\/v2\/posts\/3468"}],"collection":[{"href":"https:\/\/us.edu.pl\/instytut\/inok\/wp-json\/wp\/v2\/posts"}],"about":[{"href":"https:\/\/us.edu.pl\/instytut\/inok\/wp-json\/wp\/v2\/types\/post"}],"author":[{"embeddable":true,"href":"https:\/\/us.edu.pl\/instytut\/inok\/wp-json\/wp\/v2\/users\/1658"}],"replies":[{"embeddable":true,"href":"https:\/\/us.edu.pl\/instytut\/inok\/wp-json\/wp\/v2\/comments?post=3468"}],"version-history":[{"count":1,"href":"https:\/\/us.edu.pl\/instytut\/inok\/wp-json\/wp\/v2\/posts\/3468\/revisions"}],"predecessor-version":[{"id":3470,"href":"https:\/\/us.edu.pl\/instytut\/inok\/wp-json\/wp\/v2\/posts\/3468\/revisions\/3470"}],"wp:featuredmedia":[{"embeddable":true,"href":"https:\/\/us.edu.pl\/instytut\/inok\/wp-json\/wp\/v2\/media\/3469"}],"wp:attachment":[{"href":"https:\/\/us.edu.pl\/instytut\/inok\/wp-json\/wp\/v2\/media?parent=3468"}],"wp:term":[{"taxonomy":"category","embeddable":true,"href":"https:\/\/us.edu.pl\/instytut\/inok\/wp-json\/wp\/v2\/categories?post=3468"},{"taxonomy":"post_tag","embeddable":true,"href":"https:\/\/us.edu.pl\/instytut\/inok\/wp-json\/wp\/v2\/tags?post=3468"}],"curies":[{"name":"wp","href":"https:\/\/api.w.org\/{rel}","templated":true}]}}