{"id":3614,"date":"2024-05-17T13:39:09","date_gmt":"2024-05-17T11:39:09","guid":{"rendered":"https:\/\/us.edu.pl\/instytut\/inok\/?p=3614"},"modified":"2024-05-17T13:45:29","modified_gmt":"2024-05-17T11:45:29","slug":"konferencja-sztuka-i-ai-czym-jest-dzielo-sztuki-w-dobie-sztucznej-inteligencji","status":"publish","type":"post","link":"https:\/\/us.edu.pl\/instytut\/inok\/2024\/05\/17\/konferencja-sztuka-i-ai-czym-jest-dzielo-sztuki-w-dobie-sztucznej-inteligencji\/","title":{"rendered":"KONFERENCJA SZTUKA I AI \u201eCzym jest dzie\u0142o sztuki w dobie sztucznej inteligencji?&#8221;"},"content":{"rendered":"<p>[vc_row][vc_column width=&#8221;2\/3&#8243;]\r\n                <div class=\"text-modules\">\r\n                    <div class=\"container\">\r\n                        \r\n                        <div class=\"text-modules__content\"><p>Wyst\u0105pienie <strong>dr hab. Anny Maj<\/strong> na KONFERENCJI SZTUKA I AI \u201e<a href=\"https:\/\/www.accademialecce.edu.it\/19216-2\/\" target=\"_blank\" rel=\"noopener\">Czym jest dzie\u0142o sztuki w dobie sztucznej inteligencji?<\/a>&#8221; jest zatytu\u0142owane: <em><strong>&#8222;Sztuka AI: ewolucja percepcji czy ewolucja wyobra\u017ani?&#8221;<\/strong><\/em><\/p>\n<p>Wydarzenie w trybie hybrydowym odb\u0119dzie si\u0119 przez trzy dni: pi\u0105tek 17 maja w siedzibie Akademii Lecce przy Via Giuseppe Libertini, w sobot\u0119 18 i niedziel\u0119 19 maja Arago\u0144ski Zamek Otranto na Piazza Castello.<\/p>\n<p>W konferencji wezm\u0105 udzia\u0142 \u015bwiatowej s\u0142awy arty\u015bci, nauczyciele i badacze, co umo\u017cliwi pog\u0142\u0119bienie debaty na temat powi\u0105zania sztuki, kreatywno\u015bci i sztucznej inteligencji. Zaprezentowane zostan\u0105 najbardziej aktualne i wa\u017ckie problemy obecne we wsp\u00f3\u0142czesnych badaniach w obszarach kreatywnych, spo\u0142ecznych i kulturalnych, m.in. odpowiadaj\u0105c na pytania o pozytywne i negatywne skutki wykorzystania sztucznej inteligencji w najbli\u017cszej przysz\u0142o\u015bci w obszarze sztuki i kultury, o pojawiaj\u0105ce si\u0119 perspektywy promuj\u0105ce nowe paradygmaty podej\u015bcia do aktu tworzenia i u\u017cytkowania dzie\u0142a sztuki w \u015brodowisku sztucznej inteligencji. W drodze dyskusji z prelegentami m.in. rozwijane b\u0119d\u0105 tematy dotycz\u0105ce technologii stosowanych w produkcji artystycznej oraz funkcjonowanie nowych urz\u0105dze\u0144 cyfrowych i sztucznych.<\/p>\n<p>Pomys\u0142odawc\u0105 wydarzenia s\u0105 Derrick Kerckhove, Tiziano Margiotta i Cosimo Accoto, a kuratorem jest Giulia Netti.<\/p>\n<p>Jest to wydarzenie \u201ehybrydowe&#8221; o zasi\u0119gu globalnym &#8211; go\u015b\u0107mi s\u0105: Derrick de Kerckhove, Horst Hortner, Anna Maj, Maurice Benayoun, Cosimo Accoto, Tiziano Margiotta, Tommaso Ariemma, Giulia Netti; zdalny udzia\u0142, z po\u0142\u0105czeniem do transmisji strumieniowej na \u017cywo: Carlo Rodomonti (Rai Cinema), Pat Pataranutaportn (M.I.T. Boston \u2013 USA), Rodrigo Borges i Marina Romagnoli Bethonico (Uniwersytet Minas Gerais BRAZYLIA), Barbara Carfagna (Rai 1, Codex Rai 3), Feng Mengbo i Leng Wen (Akademia Centralna w Pekinie, CAFA, Chiny), Francesco D&#8217;Isa (cyfrowe Artysta, autor i profesor Libera Academy of Fine Arts w Brescii). W wydarzeniu wezm\u0105 udzia\u0142 Rebecca Pedrazzi (historyk i krytyk sztuki specjalizuj\u0105cy si\u0119 w sztuce AI) i Chiara Canali (krytyczka sztuki i kuratorka, dyrektor artystyczny festiwalu Parma 360) z okazji wystawy \u201eDzie\u0142o sztuki epoki Sztucznej Inteligencji (PARMA)&#8221;, pierwsza zbiorowa wystawa w\u0142oskich artyst\u00f3w po\u015bwi\u0119cona sztuce i sztucznej inteligencji.<\/p>\n<p>\n<\/div>\r\n                    <\/div>\r\n                <\/div>[\/vc_column][vc_column width=&#8221;1\/3&#8243;]\r\n                <div class=\"text-modules\">\r\n                    <div class=\"container\">\r\n                        \r\n                        <div class=\"text-modules__content\"><p><a href=\"https:\/\/us.edu.pl\/instytut\/inok\/wp-content\/uploads\/sites\/28\/Bez-kategorii\/Manifesto-DEFINITIVO.pdf\" class=\"mtli_attachment mtli_pdf\" data-mtli=\"mtli_filesize7,48MB\" class=\"mtli_attachment mtli_pdf\" data-mtli=\"mtli_filesize7,48MB\" target=\"_blank\" rel=\"noopener\"><img class=\"alignnone size-medium wp-image-3615\" src=\"https:\/\/us.edu.pl\/instytut\/inok\/wp-content\/uploads\/sites\/28\/Bez-kategorii\/Manifesto-DEFINITIVO-210x300.jpg\" alt=\"plan konferencji \u201eCzym jest dzie\u0142o sztuki w dobie sztucznej inteligencji?&quot; 2024\" width=\"210\" height=\"300\" srcset=\"https:\/\/us.edu.pl\/instytut\/inok\/wp-content\/uploads\/sites\/28\/Bez-kategorii\/Manifesto-DEFINITIVO-210x300.jpg 210w, https:\/\/us.edu.pl\/instytut\/inok\/wp-content\/uploads\/sites\/28\/Bez-kategorii\/Manifesto-DEFINITIVO-717x1024.jpg 717w, https:\/\/us.edu.pl\/instytut\/inok\/wp-content\/uploads\/sites\/28\/Bez-kategorii\/Manifesto-DEFINITIVO-768x1097.jpg 768w, https:\/\/us.edu.pl\/instytut\/inok\/wp-content\/uploads\/sites\/28\/Bez-kategorii\/Manifesto-DEFINITIVO-1075x1536.jpg 1075w, https:\/\/us.edu.pl\/instytut\/inok\/wp-content\/uploads\/sites\/28\/Bez-kategorii\/Manifesto-DEFINITIVO-403x575.jpg 403w, https:\/\/us.edu.pl\/instytut\/inok\/wp-content\/uploads\/sites\/28\/Bez-kategorii\/Manifesto-DEFINITIVO.jpg 1095w\" sizes=\"(max-width: 210px) 100vw, 210px\" \/><\/a><\/p>\n<style type=\"text\/css\">a[data-mtli~=\"mtli_filesize7,48MB\"]:after {content:\" (7,48 MB)\"}<\/style><\/div>\r\n                    <\/div>\r\n                <\/div>[\/vc_column][\/vc_row]<\/p>\n<style type=\"text\/css\">a[data-mtli~=\"mtli_filesize7,48MB\"]:after {content:\" (7,48 MB)\"}<\/style>","protected":false},"excerpt":{"rendered":"<p>[vc_row][vc_column width=&#8221;2\/3&#8243;][\/vc_column][vc_column width=&#8221;1\/3&#8243;][\/vc_column][\/vc_row] [&#8230;]<\/p>\n<p><a class=\"btn btn-secondary understrap-read-more-link\" href=\"https:\/\/us.edu.pl\/instytut\/inok\/2024\/05\/17\/konferencja-sztuka-i-ai-czym-jest-dzielo-sztuki-w-dobie-sztucznej-inteligencji\/\">Read More&#8230;<\/a><\/p>\n","protected":false},"author":1658,"featured_media":3615,"comment_status":"open","ping_status":"open","sticky":false,"template":"","format":"standard","meta":{"_expiration-date-status":"","_expiration-date":0,"_expiration-date-type":"","_expiration-date-categories":[],"_expiration-date-options":[]},"categories":[8,144],"tags":[331,330,80],"acf":[],"_links":{"self":[{"href":"https:\/\/us.edu.pl\/instytut\/inok\/wp-json\/wp\/v2\/posts\/3614"}],"collection":[{"href":"https:\/\/us.edu.pl\/instytut\/inok\/wp-json\/wp\/v2\/posts"}],"about":[{"href":"https:\/\/us.edu.pl\/instytut\/inok\/wp-json\/wp\/v2\/types\/post"}],"author":[{"embeddable":true,"href":"https:\/\/us.edu.pl\/instytut\/inok\/wp-json\/wp\/v2\/users\/1658"}],"replies":[{"embeddable":true,"href":"https:\/\/us.edu.pl\/instytut\/inok\/wp-json\/wp\/v2\/comments?post=3614"}],"version-history":[{"count":3,"href":"https:\/\/us.edu.pl\/instytut\/inok\/wp-json\/wp\/v2\/posts\/3614\/revisions"}],"predecessor-version":[{"id":3619,"href":"https:\/\/us.edu.pl\/instytut\/inok\/wp-json\/wp\/v2\/posts\/3614\/revisions\/3619"}],"wp:featuredmedia":[{"embeddable":true,"href":"https:\/\/us.edu.pl\/instytut\/inok\/wp-json\/wp\/v2\/media\/3615"}],"wp:attachment":[{"href":"https:\/\/us.edu.pl\/instytut\/inok\/wp-json\/wp\/v2\/media?parent=3614"}],"wp:term":[{"taxonomy":"category","embeddable":true,"href":"https:\/\/us.edu.pl\/instytut\/inok\/wp-json\/wp\/v2\/categories?post=3614"},{"taxonomy":"post_tag","embeddable":true,"href":"https:\/\/us.edu.pl\/instytut\/inok\/wp-json\/wp\/v2\/tags?post=3614"}],"curies":[{"name":"wp","href":"https:\/\/api.w.org\/{rel}","templated":true}]}}