{"id":4144,"date":"2025-10-06T11:57:44","date_gmt":"2025-10-06T09:57:44","guid":{"rendered":"https:\/\/us.edu.pl\/instytut\/inok\/?p=4144"},"modified":"2025-10-06T11:59:33","modified_gmt":"2025-10-06T09:59:33","slug":"wyjazd-na-stypendium-badawcze-la-fabrique-du-regard","status":"publish","type":"post","link":"https:\/\/us.edu.pl\/instytut\/inok\/2025\/10\/06\/wyjazd-na-stypendium-badawcze-la-fabrique-du-regard\/","title":{"rendered":"Wyjazd na stypendium badawcze &#8211; La Fabrique du Regard"},"content":{"rendered":"<p>[vc_row][vc_column width=&#8221;2\/3&#8243;]\r\n                <div class=\"text-modules\">\r\n                    <div class=\"container\">\r\n                        \r\n                        <div class=\"text-modules__content\"><p><span style=\"font-size: 12pt;\"><a href=\"https:\/\/us.edu.pl\/instytut\/inok\/osoby\/justyna-hanna-budzik\/\" target=\"_blank\" rel=\"noopener\">Dra hab. Justyna Budzik<\/a> sp\u0119dzi najbli\u017csze tygodnie w Pary\u017cu na stypendium rz\u0105du francuskiego. W ramach pobytu badawczego b\u0119dzie obserwowa\u0107 i uczestniczy\u0107 w pracach La Fabrique du Regard \u2013 pedagogicznej kom\u00f3rki galerii sztuk wizualnych Le Bal, zlokalizowanej w 18. dzielnicy w dawnej sali tanecznej. Badania b\u0119d\u0105 skupione na trzech g\u0142\u00f3wnych domenach dzia\u0142a\u0144 edukacyjnych w Le Bal: szkoleniach na miejscu zwi\u0105zanych z wystawami, warsztatach wyjazdowych do szk\u00f3\u0142 i stowarzysze\u0144, oraz na konstruowaniu tre\u015bci do interaktywnej platformy Ersilia.fr. W trakcie pobytu wyk\u0142adowczyni we\u017amie tak\u017ce udzia\u0142 w konferencji naukowej \u0142\u0105cz\u0105cej akademik\u00f3w i pedagog\u00f3w w l\u2019Ecole des hautes \u00e9tudes en sciences sociales (EHESS). G\u0142\u00f3wnymi zagadnieniami badawczymi projektu s\u0105 zwi\u0105zki interdyscyplinarnych bada\u0144 nad kultur\u0105 wizualn\u0105 i teorii sztuki z praktyk\u0105 edukacyjn\u0105 oraz strategie tworzenia d\u0142ugoterminowych program\u00f3w z zakresu edukacji wizualnej z wykorzystaniem przede wszystkim fotografii i form filmowych.<\/span><\/p>\n<\/div>\r\n                    <\/div>\r\n                <\/div>[\/vc_column][vc_column width=&#8221;1\/3&#8243;]\r\n                <div class=\"text-modules\">\r\n                    <div class=\"container\">\r\n                        \r\n                        <div class=\"text-modules__content\"><p><img class=\"alignnone size-medium wp-image-4145\" src=\"https:\/\/us.edu.pl\/instytut\/inok\/wp-content\/uploads\/sites\/28\/Bez-kategorii\/20241016_183531-min-300x225.jpg\" alt=\"zdj\u0119cie przedstawiaj\u0105ce szar\u0105 \u015bcian\u0119 z dwoma oknami po prawej, po lewej stronie czarny napis LE BAL\" width=\"300\" height=\"225\" srcset=\"https:\/\/us.edu.pl\/instytut\/inok\/wp-content\/uploads\/sites\/28\/Bez-kategorii\/20241016_183531-min-300x225.jpg 300w, https:\/\/us.edu.pl\/instytut\/inok\/wp-content\/uploads\/sites\/28\/Bez-kategorii\/20241016_183531-min-1024x768.jpg 1024w, https:\/\/us.edu.pl\/instytut\/inok\/wp-content\/uploads\/sites\/28\/Bez-kategorii\/20241016_183531-min-768x576.jpg 768w, https:\/\/us.edu.pl\/instytut\/inok\/wp-content\/uploads\/sites\/28\/Bez-kategorii\/20241016_183531-min-1536x1152.jpg 1536w, https:\/\/us.edu.pl\/instytut\/inok\/wp-content\/uploads\/sites\/28\/Bez-kategorii\/20241016_183531-min-2048x1536.jpg 2048w, https:\/\/us.edu.pl\/instytut\/inok\/wp-content\/uploads\/sites\/28\/Bez-kategorii\/20241016_183531-min-575x431.jpg 575w\" sizes=\"(max-width: 300px) 100vw, 300px\" \/><\/p>\n<\/div>\r\n                    <\/div>\r\n                <\/div>[\/vc_column][\/vc_row]<\/p>","protected":false},"excerpt":{"rendered":"<p>[vc_row][vc_column width=&#8221;2\/3&#8243;][\/vc_column][vc_column width=&#8221;1\/3&#8243;][\/vc_column][\/vc_row] [&#8230;]<\/p>\n<p><a class=\"btn btn-secondary understrap-read-more-link\" href=\"https:\/\/us.edu.pl\/instytut\/inok\/2025\/10\/06\/wyjazd-na-stypendium-badawcze-la-fabrique-du-regard\/\">Read More&#8230;<\/a><\/p>\n","protected":false},"author":1658,"featured_media":4145,"comment_status":"open","ping_status":"open","sticky":false,"template":"","format":"standard","meta":{"_expiration-date-status":"","_expiration-date":0,"_expiration-date-type":"","_expiration-date-categories":[],"_expiration-date-options":[]},"categories":[8,42],"tags":[226,404,124],"acf":[],"_links":{"self":[{"href":"https:\/\/us.edu.pl\/instytut\/inok\/wp-json\/wp\/v2\/posts\/4144"}],"collection":[{"href":"https:\/\/us.edu.pl\/instytut\/inok\/wp-json\/wp\/v2\/posts"}],"about":[{"href":"https:\/\/us.edu.pl\/instytut\/inok\/wp-json\/wp\/v2\/types\/post"}],"author":[{"embeddable":true,"href":"https:\/\/us.edu.pl\/instytut\/inok\/wp-json\/wp\/v2\/users\/1658"}],"replies":[{"embeddable":true,"href":"https:\/\/us.edu.pl\/instytut\/inok\/wp-json\/wp\/v2\/comments?post=4144"}],"version-history":[{"count":3,"href":"https:\/\/us.edu.pl\/instytut\/inok\/wp-json\/wp\/v2\/posts\/4144\/revisions"}],"predecessor-version":[{"id":4148,"href":"https:\/\/us.edu.pl\/instytut\/inok\/wp-json\/wp\/v2\/posts\/4144\/revisions\/4148"}],"wp:featuredmedia":[{"embeddable":true,"href":"https:\/\/us.edu.pl\/instytut\/inok\/wp-json\/wp\/v2\/media\/4145"}],"wp:attachment":[{"href":"https:\/\/us.edu.pl\/instytut\/inok\/wp-json\/wp\/v2\/media?parent=4144"}],"wp:term":[{"taxonomy":"category","embeddable":true,"href":"https:\/\/us.edu.pl\/instytut\/inok\/wp-json\/wp\/v2\/categories?post=4144"},{"taxonomy":"post_tag","embeddable":true,"href":"https:\/\/us.edu.pl\/instytut\/inok\/wp-json\/wp\/v2\/tags?post=4144"}],"curies":[{"name":"wp","href":"https:\/\/api.w.org\/{rel}","templated":true}]}}