{"id":1028,"date":"2022-11-09T16:40:32","date_gmt":"2022-11-09T15:40:32","guid":{"rendered":"https:\/\/us.edu.pl\/instytut\/inos\/?p=1028"},"modified":"2022-11-09T16:40:32","modified_gmt":"2022-11-09T15:40:32","slug":"t4eu-seminarium-michel-sittow-in-the-north-and-south-z-udzialem-dra-oskara-j-rojewskiego","status":"publish","type":"post","link":"https:\/\/us.edu.pl\/instytut\/inos\/2022\/11\/09\/t4eu-seminarium-michel-sittow-in-the-north-and-south-z-udzialem-dra-oskara-j-rojewskiego\/","title":{"rendered":"T4Eu: Seminarium \u201cMichel Sittow in the North and South\u201d z udzia\u0142em dra Oskara J. Rojewskiego"},"content":{"rendered":"<p>[vc_row][vc_column width=&#8221;2\/3&#8243;]\r\n                <div class=\"text-modules\">\r\n                    <div class=\"container\">\r\n                        \r\n                        <div class=\"text-modules__content\"><p>Dnia <strong>23 listopada 2022<\/strong> o godzinie 16.00 na Akademii Sztuk Pi\u0119knych Estonii w Tallinie odb\u0119dzie si\u0119 <a href=\"https:\/\/www.artun.ee\/en\/calendar\/seminar-michel-sittow-in-the-north-and-south-2\/\">seminarium pt. \u201eMichel Sittow in the North and South\u201d<\/a> z udzia\u0142em pracownika <a href=\"https:\/\/us.edu.pl\/instytut\/inos\/\">Instytutu Nauk o Sztuce<\/a> <a href=\"https:\/\/us.edu.pl\/instytut\/inos\/osoby\/oskar-jacek-rojewski\/\"><strong>dra Oskara J. Rojewskiego<\/strong><\/a>.<\/p>\n<p>W spotkaniu wezm\u0105 udzia\u0142 dr Greta Koppel (Art Museum of Estonia) i prof. Anu M\u00e4nd (Tallinn University). Wydarzenie organizowane jest w ramach wsp\u00f3\u0142pracy pomi\u0119dzy Uniwersytetem \u015al\u0105skim w Katowicach i Akademi\u0105 Sztuk Pi\u0119knych Estonii \u2013 program Transform4Europe oraz cz\u0119\u015bci\u0105 projektu <a href=\"https:\/\/kunstimuuseum.ekm.ee\/en\/activities\/projects\/michel-sittow-in-the-north-altarpieces-in-dialogue\/\">\u201eMichel Sittow in the North? Altarpieces in dialogue\u201d<\/a>, finansowanego przez Art Museum of Estonia i szwedzkiego H\u00e4lsingland Museum.<\/p>\n<\/div>\r\n                    <\/div>\r\n                <\/div>[\/vc_column][vc_column width=&#8221;1\/3&#8243;]\r\n                <div class=\"text-modules\">\r\n                    <div class=\"container\">\r\n                        \r\n                        <div class=\"text-modules__content\"><p><img class=\"alignnone wp-image-1029 size-full\" src=\"https:\/\/us.edu.pl\/instytut\/inos\/wp-content\/uploads\/sites\/29\/Bez-kategorii\/obrazek.jpg\" alt=\"A SELF-PORTRAIT? Michel Sittow &quot;A Young Man in a Red Cap&quot; (1490s)\" width=\"100%\" height=\"auto\" srcset=\"https:\/\/us.edu.pl\/instytut\/inos\/wp-content\/uploads\/sites\/29\/Bez-kategorii\/obrazek.jpg 640w, https:\/\/us.edu.pl\/instytut\/inos\/wp-content\/uploads\/sites\/29\/Bez-kategorii\/obrazek-300x150.jpg 300w, https:\/\/us.edu.pl\/instytut\/inos\/wp-content\/uploads\/sites\/29\/Bez-kategorii\/obrazek-575x288.jpg 575w\" sizes=\"(max-width: 640px) 100vw, 640px\" \/><\/p>\n<\/div>\r\n                    <\/div>\r\n                <\/div>[\/vc_column][\/vc_row]<\/p>","protected":false},"excerpt":{"rendered":"<p>[vc_row][vc_column width=&#8221;2\/3&#8243;][\/vc_column][vc_column width=&#8221;1\/3&#8243;][\/vc_column][\/vc_row] [&#8230;]<\/p>\n<p><a class=\"btn btn-secondary understrap-read-more-link\" href=\"https:\/\/us.edu.pl\/instytut\/inos\/2022\/11\/09\/t4eu-seminarium-michel-sittow-in-the-north-and-south-z-udzialem-dra-oskara-j-rojewskiego\/\">Read More&#8230;<\/a><\/p>\n","protected":false},"author":1,"featured_media":1029,"comment_status":"open","ping_status":"open","sticky":false,"template":"","format":"standard","meta":{"_expiration-date-status":"","_expiration-date":0,"_expiration-date-type":"","_expiration-date-categories":[],"_expiration-date-options":[]},"categories":[9],"tags":[],"acf":[],"_links":{"self":[{"href":"https:\/\/us.edu.pl\/instytut\/inos\/wp-json\/wp\/v2\/posts\/1028"}],"collection":[{"href":"https:\/\/us.edu.pl\/instytut\/inos\/wp-json\/wp\/v2\/posts"}],"about":[{"href":"https:\/\/us.edu.pl\/instytut\/inos\/wp-json\/wp\/v2\/types\/post"}],"author":[{"embeddable":true,"href":"https:\/\/us.edu.pl\/instytut\/inos\/wp-json\/wp\/v2\/users\/1"}],"replies":[{"embeddable":true,"href":"https:\/\/us.edu.pl\/instytut\/inos\/wp-json\/wp\/v2\/comments?post=1028"}],"version-history":[{"count":1,"href":"https:\/\/us.edu.pl\/instytut\/inos\/wp-json\/wp\/v2\/posts\/1028\/revisions"}],"predecessor-version":[{"id":1030,"href":"https:\/\/us.edu.pl\/instytut\/inos\/wp-json\/wp\/v2\/posts\/1028\/revisions\/1030"}],"wp:featuredmedia":[{"embeddable":true,"href":"https:\/\/us.edu.pl\/instytut\/inos\/wp-json\/wp\/v2\/media\/1029"}],"wp:attachment":[{"href":"https:\/\/us.edu.pl\/instytut\/inos\/wp-json\/wp\/v2\/media?parent=1028"}],"wp:term":[{"taxonomy":"category","embeddable":true,"href":"https:\/\/us.edu.pl\/instytut\/inos\/wp-json\/wp\/v2\/categories?post=1028"},{"taxonomy":"post_tag","embeddable":true,"href":"https:\/\/us.edu.pl\/instytut\/inos\/wp-json\/wp\/v2\/tags?post=1028"}],"curies":[{"name":"wp","href":"https:\/\/api.w.org\/{rel}","templated":true}]}}