{"id":1050,"date":"2022-12-13T13:46:18","date_gmt":"2022-12-13T12:46:18","guid":{"rendered":"https:\/\/us.edu.pl\/instytut\/inos\/?p=1050"},"modified":"2022-12-13T13:46:18","modified_gmt":"2022-12-13T12:46:18","slug":"udzial-dyrektor-instytutu-dr-hab-bogumily-miki-prof-us-w-konferencji-na-temat-tworczosci-johna-williamsa","status":"publish","type":"post","link":"https:\/\/us.edu.pl\/instytut\/inos\/2022\/12\/13\/udzial-dyrektor-instytutu-dr-hab-bogumily-miki-prof-us-w-konferencji-na-temat-tworczosci-johna-williamsa\/","title":{"rendered":"Udzia\u0142 Dyrektor instytutu dr hab. Bogumi\u0142y Miki, prof. U\u015a w konferencji na temat tw\u00f3rczo\u015bci Johna Williamsa"},"content":{"rendered":"<p>[vc_row][vc_column width=&#8221;2\/3&#8243;]\r\n                <div class=\"text-modules\">\r\n                    <div class=\"container\">\r\n                        \r\n                        <div class=\"text-modules__content\"><p>Dyrektor Instytutu Nauk o Sztuce, muzykolog &#8211; <a href=\"https:\/\/us.edu.pl\/instytut\/inos\/osoby\/bogumila-mika\/\"><strong>dr hab. Bogumi\u0142a Mika, prof. U\u015a<\/strong><\/a>\u00a0 oraz filmoznawczyni <a href=\"https:\/\/us.edu.pl\/instytut\/inok\/osoby\/magdalena-kempna-pieniazek\/\"><strong>dr hab. Magdalena Kempna-Pieni\u0105\u017cek, prof. U\u015a<\/strong><\/a> z <a href=\"https:\/\/us.edu.pl\/instytut\/inok\">Instytutu Nauk o Kulturze<\/a> uczestniczy\u0142y w dniach <strong>7-9 grudnia 2022<\/strong> w presti\u017cowej konferencji naukowej dedykowanej muzyce Johna Williamsa.<\/p>\n<p>Mi\u0119dzynarodowa konferencja zgromadzi\u0142a w paryskim Uniwersite d&#8217;Evry najwybitniejszych \u015bwiatowych znawc\u00f3w muzyki Johna Williamsa oraz specjalist\u00f3w w zakresie kina hollywoodzkiego.<\/p>\n<p>Badaczki z Uniwersytetu \u015al\u0105skiego przedstawi\u0142y filmoznawcz\u0105 teori\u0119 &#8222;dzieci\u0119cego spojrzenia&#8221; i jej aplikacj\u0119 dla muzyki Johna Williamsa. Ich interdyscyplinarna propozycja spotka\u0142a si\u0119 z szerokim zainteresowaniem zgromadzonych w Pary\u017cu naukowc\u00f3w.<\/p>\n<\/div>\r\n                    <\/div>\r\n                <\/div>[\/vc_column][vc_column width=&#8221;1\/3&#8243; el_class=&#8221;shadow&#8221;]\r\n                <div class=\"text-modules\">\r\n                    <div class=\"container\">\r\n                        \r\n                        <div class=\"text-modules__content\"><\/p>\n<p><img class=\"wp-image-1051 size-full\" src=\"https:\/\/us.edu.pl\/instytut\/inos\/wp-content\/uploads\/sites\/29\/Bez-kategorii\/AFFICHE-colloque-JW_40x60_1_.jpg\" alt=\"plakat w j. francuskim informuj\u0105cy o konferencji\" width=\"100%\" height=\"auto\" srcset=\"https:\/\/us.edu.pl\/instytut\/inos\/wp-content\/uploads\/sites\/29\/Bez-kategorii\/AFFICHE-colloque-JW_40x60_1_.jpg 817w, https:\/\/us.edu.pl\/instytut\/inos\/wp-content\/uploads\/sites\/29\/Bez-kategorii\/AFFICHE-colloque-JW_40x60_1_-202x300.jpg 202w, https:\/\/us.edu.pl\/instytut\/inos\/wp-content\/uploads\/sites\/29\/Bez-kategorii\/AFFICHE-colloque-JW_40x60_1_-691x1024.jpg 691w, https:\/\/us.edu.pl\/instytut\/inos\/wp-content\/uploads\/sites\/29\/Bez-kategorii\/AFFICHE-colloque-JW_40x60_1_-768x1138.jpg 768w, https:\/\/us.edu.pl\/instytut\/inos\/wp-content\/uploads\/sites\/29\/Bez-kategorii\/AFFICHE-colloque-JW_40x60_1_-388x575.jpg 388w\" sizes=\"(max-width: 817px) 100vw, 817px\" \/><\/p>\n<p>\n<\/div>\r\n                    <\/div>\r\n                <\/div>[\/vc_column][\/vc_row]<\/p>","protected":false},"excerpt":{"rendered":"<p>[vc_row][vc_column width=&#8221;2\/3&#8243;][\/vc_column][vc_column width=&#8221;1\/3&#8243; el_class=&#8221;shadow&#8221;][\/vc_column][\/vc_row] [&#8230;]<\/p>\n<p><a class=\"btn btn-secondary understrap-read-more-link\" href=\"https:\/\/us.edu.pl\/instytut\/inos\/2022\/12\/13\/udzial-dyrektor-instytutu-dr-hab-bogumily-miki-prof-us-w-konferencji-na-temat-tworczosci-johna-williamsa\/\">Read More&#8230;<\/a><\/p>\n","protected":false},"author":1,"featured_media":1054,"comment_status":"open","ping_status":"open","sticky":false,"template":"","format":"standard","meta":{"_expiration-date-status":"","_expiration-date":0,"_expiration-date-type":"","_expiration-date-categories":[],"_expiration-date-options":[]},"categories":[9],"tags":[],"acf":[],"_links":{"self":[{"href":"https:\/\/us.edu.pl\/instytut\/inos\/wp-json\/wp\/v2\/posts\/1050"}],"collection":[{"href":"https:\/\/us.edu.pl\/instytut\/inos\/wp-json\/wp\/v2\/posts"}],"about":[{"href":"https:\/\/us.edu.pl\/instytut\/inos\/wp-json\/wp\/v2\/types\/post"}],"author":[{"embeddable":true,"href":"https:\/\/us.edu.pl\/instytut\/inos\/wp-json\/wp\/v2\/users\/1"}],"replies":[{"embeddable":true,"href":"https:\/\/us.edu.pl\/instytut\/inos\/wp-json\/wp\/v2\/comments?post=1050"}],"version-history":[{"count":2,"href":"https:\/\/us.edu.pl\/instytut\/inos\/wp-json\/wp\/v2\/posts\/1050\/revisions"}],"predecessor-version":[{"id":1053,"href":"https:\/\/us.edu.pl\/instytut\/inos\/wp-json\/wp\/v2\/posts\/1050\/revisions\/1053"}],"wp:featuredmedia":[{"embeddable":true,"href":"https:\/\/us.edu.pl\/instytut\/inos\/wp-json\/wp\/v2\/media\/1054"}],"wp:attachment":[{"href":"https:\/\/us.edu.pl\/instytut\/inos\/wp-json\/wp\/v2\/media?parent=1050"}],"wp:term":[{"taxonomy":"category","embeddable":true,"href":"https:\/\/us.edu.pl\/instytut\/inos\/wp-json\/wp\/v2\/categories?post=1050"},{"taxonomy":"post_tag","embeddable":true,"href":"https:\/\/us.edu.pl\/instytut\/inos\/wp-json\/wp\/v2\/tags?post=1050"}],"curies":[{"name":"wp","href":"https:\/\/api.w.org\/{rel}","templated":true}]}}