{"id":1334,"date":"2025-01-16T12:01:27","date_gmt":"2025-01-16T11:01:27","guid":{"rendered":"https:\/\/us.edu.pl\/instytut\/inos\/?p=1334"},"modified":"2025-01-16T12:01:27","modified_gmt":"2025-01-16T11:01:27","slug":"promocja-publikacji-dr-patryka-oczki","status":"publish","type":"post","link":"https:\/\/us.edu.pl\/instytut\/inos\/2025\/01\/16\/promocja-publikacji-dr-patryka-oczki\/","title":{"rendered":"Promocja publikacji dr Patryka Oczki"},"content":{"rendered":"<p>[vc_row][vc_column width=&#8221;2\/3&#8243;]\r\n                <div class=\"text-modules\">\r\n                    <div class=\"container\">\r\n                        \r\n                        <div class=\"text-modules__content\"><p>9 stycznia w Ksi\u0105\u017cnicy Beskidzkiej odby\u0142o si\u0119 spotkanie dotycz\u0105ce ksi\u0105\u017cki Patryka Oczki pt. <a href=\"https:\/\/us.edu.pl\/wydawnictwo\/patryk-oczko-nie-tylko-dla-dzieci-studio-filmow-rysunkowych-w-bielsku-bialej-1947-2021\/\">\u201eNie tylko dla dzieci. Studio Film\u00f3w Rysunkowych 1947-2021\u201d<\/a>. Rozmow\u0119 z autorem prowadzi\u0142a Beata Klyta &#8211; dyrektor Wydawnictwa Uniwersytetu \u015al\u0105skiego.<\/p>\n<p>Ksi\u0105\u017cnica Beskidzka relacjonowa\u0142a: \u201eKsi\u0105\u017cka jest fascynuj\u0105c\u0105 magiczn\u0105 podr\u00f3\u017c\u0105 w \u015bwiat na co dzie\u0144 niedost\u0119pny dla widz\u00f3w. <a href=\"https:\/\/us.edu.pl\/instytut\/inos\/osoby\/patryk-oczko\/\">Patryk Oczko<\/a> nie tylko opowiedzia\u0142 o kulisach powstawania film\u00f3w, ale tak\u017ce o ludziach, kt\u00f3rzy tworzyli znane wszystkim kresk\u00f3wki\u201d.<\/p>\n<p>Dzi\u0119ki uprzejmo\u015bci Studia Film\u00f3w Rysunkowych na spotkaniu zosta\u0142o zaprezentowanych kilka ma\u0142o znanych produkcji z dorobku wytw\u00f3rni. Ksi\u0105\u017cka \u201eNie tylko dla dzieci. Studio Film\u00f3w Rysunkowych 1947-2021\u201d wydana zosta\u0142a przez Wydawnictwo Uniwersytetu \u015al\u0105skiego i Ksi\u0105\u017cnic\u0119 Beskidzk\u0105.<\/p>\n<\/div>\r\n                    <\/div>\r\n                <\/div>[vc_row_inner][vc_column_inner width=&#8221;1\/2&#8243;]\r\n                <div class=\"text-modules\">\r\n                    <div class=\"container\">\r\n                        \r\n                        <div class=\"text-modules__content\"><p><img class=\"alignnone wp-image-1340 size-full\" src=\"https:\/\/us.edu.pl\/instytut\/inos\/wp-content\/uploads\/sites\/29\/Bez-kategorii\/spotkanie-3.jpg\" alt=\"Osoba przedstawiaj\u0105ca Patryka Oczk\u0119 i Beat\u0119 Klyt\u0119 uczestnikom spotkania\" width=\"100%\" height=\"auto\" srcset=\"https:\/\/us.edu.pl\/instytut\/inos\/wp-content\/uploads\/sites\/29\/Bez-kategorii\/spotkanie-3.jpg 640w, https:\/\/us.edu.pl\/instytut\/inos\/wp-content\/uploads\/sites\/29\/Bez-kategorii\/spotkanie-3-300x200.jpg 300w, https:\/\/us.edu.pl\/instytut\/inos\/wp-content\/uploads\/sites\/29\/Bez-kategorii\/spotkanie-3-575x384.jpg 575w\" sizes=\"(max-width: 640px) 100vw, 640px\" \/><\/p>\n<\/div>\r\n                    <\/div>\r\n                <\/div>[\/vc_column_inner][vc_column_inner width=&#8221;1\/2&#8243;]\r\n                <div class=\"text-modules\">\r\n                    <div class=\"container\">\r\n                        \r\n                        <div class=\"text-modules__content\"><p><img class=\"alignnone wp-image-1343 size-full\" src=\"https:\/\/us.edu.pl\/instytut\/inos\/wp-content\/uploads\/sites\/29\/Bez-kategorii\/spotkanie-1.jpg\" alt=\"Patryk Oczko i Beata Klyta podczas rozmowy\" width=\"100%\" height=\"auto\" srcset=\"https:\/\/us.edu.pl\/instytut\/inos\/wp-content\/uploads\/sites\/29\/Bez-kategorii\/spotkanie-1.jpg 640w, https:\/\/us.edu.pl\/instytut\/inos\/wp-content\/uploads\/sites\/29\/Bez-kategorii\/spotkanie-1-300x200.jpg 300w, https:\/\/us.edu.pl\/instytut\/inos\/wp-content\/uploads\/sites\/29\/Bez-kategorii\/spotkanie-1-575x384.jpg 575w\" sizes=\"(max-width: 640px) 100vw, 640px\" \/><\/p>\n<\/div>\r\n                    <\/div>\r\n                <\/div>[\/vc_column_inner][\/vc_row_inner][vc_row_inner][vc_column_inner width=&#8221;1\/2&#8243;]\r\n                <div class=\"text-modules\">\r\n                    <div class=\"container\">\r\n                        \r\n                        <div class=\"text-modules__content\"><p><img class=\"alignnone wp-image-1346 size-full\" src=\"https:\/\/us.edu.pl\/instytut\/inos\/wp-content\/uploads\/sites\/29\/Bez-kategorii\/spotkanie-2.jpg\" alt=\"uczestnicy spotkania s\u0142uchaj\u0105cy rozmowy Beaty Klyty z Patrykiem Oczko\" width=\"100%\" height=\"auto\" srcset=\"https:\/\/us.edu.pl\/instytut\/inos\/wp-content\/uploads\/sites\/29\/Bez-kategorii\/spotkanie-2.jpg 640w, https:\/\/us.edu.pl\/instytut\/inos\/wp-content\/uploads\/sites\/29\/Bez-kategorii\/spotkanie-2-300x200.jpg 300w, https:\/\/us.edu.pl\/instytut\/inos\/wp-content\/uploads\/sites\/29\/Bez-kategorii\/spotkanie-2-575x384.jpg 575w\" sizes=\"(max-width: 640px) 100vw, 640px\" \/><\/p>\n<\/div>\r\n                    <\/div>\r\n                <\/div>[\/vc_column_inner][vc_column_inner width=&#8221;1\/2&#8243;]\r\n                <div class=\"text-modules\">\r\n                    <div class=\"container\">\r\n                        \r\n                        <div class=\"text-modules__content\"><p><img class=\"alignnone wp-image-1347 size-full\" src=\"https:\/\/us.edu.pl\/instytut\/inos\/wp-content\/uploads\/sites\/29\/Bez-kategorii\/spotkanie-4.jpg\" alt=\"Patryk Oczko podpisuj\u0105cy ksi\u0105\u017ck\u0119\" width=\"100%\" height=\"auto\" srcset=\"https:\/\/us.edu.pl\/instytut\/inos\/wp-content\/uploads\/sites\/29\/Bez-kategorii\/spotkanie-4.jpg 640w, https:\/\/us.edu.pl\/instytut\/inos\/wp-content\/uploads\/sites\/29\/Bez-kategorii\/spotkanie-4-300x200.jpg 300w, https:\/\/us.edu.pl\/instytut\/inos\/wp-content\/uploads\/sites\/29\/Bez-kategorii\/spotkanie-4-575x384.jpg 575w\" sizes=\"(max-width: 640px) 100vw, 640px\" \/><\/p>\n<\/div>\r\n                    <\/div>\r\n                <\/div>[\/vc_column_inner][\/vc_row_inner][\/vc_column][vc_column width=&#8221;1\/3&#8243;]\r\n                <div class=\"text-modules\">\r\n                    <div class=\"container\">\r\n                        \r\n                        <div class=\"text-modules__content\"><p><img class=\"alignnone wp-image-1351 size-full\" src=\"https:\/\/us.edu.pl\/instytut\/inos\/wp-content\/uploads\/sites\/29\/Bez-kategorii\/spotkanie-5.jpg\" alt=\"spotkanie z Patrykiem Oczko\" width=\"100%\" height=\"auto\" srcset=\"https:\/\/us.edu.pl\/instytut\/inos\/wp-content\/uploads\/sites\/29\/Bez-kategorii\/spotkanie-5.jpg 640w, https:\/\/us.edu.pl\/instytut\/inos\/wp-content\/uploads\/sites\/29\/Bez-kategorii\/spotkanie-5-300x200.jpg 300w, https:\/\/us.edu.pl\/instytut\/inos\/wp-content\/uploads\/sites\/29\/Bez-kategorii\/spotkanie-5-575x384.jpg 575w\" sizes=\"(max-width: 640px) 100vw, 640px\" \/><\/p>\n<\/div>\r\n                    <\/div>\r\n                <\/div>[\/vc_column][\/vc_row]<\/p>","protected":false},"excerpt":{"rendered":"<p>[vc_row][vc_column width=&#8221;2\/3&#8243;][vc_row_inner][vc_column_inner width=&#8221;1\/2&#8243;][\/vc_column_inner][vc_column_inner width=&#8221;1\/2&#8243;][\/vc_column_inner][\/vc_row_inner][vc_row_inner][vc_column_inner width=&#8221;1\/2&#8243;][\/vc_column_inner][vc_column_inner width=&#8221;1\/2&#8243;][\/vc_column_inner][\/vc_row_inner][\/vc_column][vc_column width=&#8221;1\/3&#8243;][\/vc_column][\/vc_row] [&#8230;]<\/p>\n<p><a class=\"btn btn-secondary understrap-read-more-link\" href=\"https:\/\/us.edu.pl\/instytut\/inos\/2025\/01\/16\/promocja-publikacji-dr-patryka-oczki\/\">Read More&#8230;<\/a><\/p>\n","protected":false},"author":1,"featured_media":1336,"comment_status":"open","ping_status":"open","sticky":false,"template":"","format":"standard","meta":{"_expiration-date-status":"","_expiration-date":0,"_expiration-date-type":"","_expiration-date-categories":[],"_expiration-date-options":[]},"categories":[17,1],"tags":[],"acf":[],"_links":{"self":[{"href":"https:\/\/us.edu.pl\/instytut\/inos\/wp-json\/wp\/v2\/posts\/1334"}],"collection":[{"href":"https:\/\/us.edu.pl\/instytut\/inos\/wp-json\/wp\/v2\/posts"}],"about":[{"href":"https:\/\/us.edu.pl\/instytut\/inos\/wp-json\/wp\/v2\/types\/post"}],"author":[{"embeddable":true,"href":"https:\/\/us.edu.pl\/instytut\/inos\/wp-json\/wp\/v2\/users\/1"}],"replies":[{"embeddable":true,"href":"https:\/\/us.edu.pl\/instytut\/inos\/wp-json\/wp\/v2\/comments?post=1334"}],"version-history":[{"count":2,"href":"https:\/\/us.edu.pl\/instytut\/inos\/wp-json\/wp\/v2\/posts\/1334\/revisions"}],"predecessor-version":[{"id":1356,"href":"https:\/\/us.edu.pl\/instytut\/inos\/wp-json\/wp\/v2\/posts\/1334\/revisions\/1356"}],"wp:featuredmedia":[{"embeddable":true,"href":"https:\/\/us.edu.pl\/instytut\/inos\/wp-json\/wp\/v2\/media\/1336"}],"wp:attachment":[{"href":"https:\/\/us.edu.pl\/instytut\/inos\/wp-json\/wp\/v2\/media?parent=1334"}],"wp:term":[{"taxonomy":"category","embeddable":true,"href":"https:\/\/us.edu.pl\/instytut\/inos\/wp-json\/wp\/v2\/categories?post=1334"},{"taxonomy":"post_tag","embeddable":true,"href":"https:\/\/us.edu.pl\/instytut\/inos\/wp-json\/wp\/v2\/tags?post=1334"}],"curies":[{"name":"wp","href":"https:\/\/api.w.org\/{rel}","templated":true}]}}