{"id":1456,"date":"2025-09-08T11:42:46","date_gmt":"2025-09-08T09:42:46","guid":{"rendered":"https:\/\/us.edu.pl\/instytut\/inos\/?p=1456"},"modified":"2025-09-12T07:34:25","modified_gmt":"2025-09-12T05:34:25","slug":"seminarium-studying-collecting-and-displaying-hans-memling-in-poland-and-italy-w-rzymie","status":"publish","type":"post","link":"https:\/\/us.edu.pl\/instytut\/inos\/2025\/09\/08\/seminarium-studying-collecting-and-displaying-hans-memling-in-poland-and-italy-w-rzymie\/","title":{"rendered":"Seminarium Studying, Collecting and Displaying Hans Memling in Poland and Italy w Rzymie"},"content":{"rendered":"<p>[vc_row][vc_column width=&#8221;2\/3&#8243; css=&#8221;.vc_custom_1757324497802{border-top-width: 2px !important;border-right-width: 2px !important;border-bottom-width: 2px !important;border-left-width: 2px !important;border-left-color: #1e73be !important;border-left-style: solid !important;border-right-color: #1e73be !important;border-right-style: solid !important;border-top-color: #1e73be !important;border-top-style: solid !important;border-bottom-color: #1e73be !important;border-bottom-style: solid !important;border-radius: 10px !important;}&#8221;]\r\n                <div class=\"text-modules\">\r\n                    <div class=\"container\">\r\n                        \r\n                        <div class=\"text-modules__content\"><p>25 wrze\u015bnia 2025 r. w Stacji Naukowej Polskiej Akademii Nauk w Rzymie (<a href=\"https:\/\/rzym.pan.pl\/\">https:\/\/rzym.pan.pl\/<\/a>) odb\u0119dzie si\u0119 seminarium \u201eStudying, Collecting and Displaying Hans Memling in Poland and Italy\u201d. Wydarzenie b\u0119dzie okazj\u0105 do ponownego spojrzenia na znaczenie tw\u00f3rczo\u015bci Memlinga, zw\u0142aszcza s\u0142ynnego Tryptyku S\u0105du Ostatecznego ze zbior\u00f3w Muzeum Narodowego w Gda\u0144sku. Uczestnicy przedstawi\u0105 wyniki swoich bada\u0144 dotycz\u0105cych historii powstania dzie\u0142a, jego recepcji na przestrzeni wiek\u00f3w, a tak\u017ce wystaw dzie\u0142 Hansa Memlinga na \u015bwiecie. W programie znajd\u0105 si\u0119 wyst\u0105pienia badaczy z Polski, W\u0142och, Belgii i Niemiec. Seminarium organizuje dr Oskar J. Rojewski, prof. U\u015a i prof. Federica Veratelli z Uniwersytetu w Parmie w ramach projektu badawczego finansowanego przez Narodowe Centrum Nauki.<\/p>\n<p><a href=\"https:\/\/us.edu.pl\/instytut\/inos\/wp-content\/uploads\/sites\/29\/Bez-kategorii\/Memling-Seminar-25.09-programm.pdf\" class=\"mtli_attachment mtli_pdf\" data-mtli=\"mtli_filesize175,83kB\" class=\"mtli_attachment mtli_pdf\" data-mtli=\"mtli_filesize175,83kB\">Program<\/a><\/p>\n<style type=\"text\/css\">a[data-mtli~=\"mtli_filesize175,83kB\"]:after {content:\" (175,83 kB)\"}<\/style><\/div>\r\n                    <\/div>\r\n                <\/div>[\/vc_column][vc_column width=&#8221;1\/3&#8243;]\r\n                <div class=\"text-modules\">\r\n                    <div class=\"container\">\r\n                        \r\n                        <div class=\"text-modules__content\"><p><img class=\"alignnone wp-image-1457 size-full\" src=\"https:\/\/us.edu.pl\/instytut\/inos\/wp-content\/uploads\/sites\/29\/Bez-kategorii\/plakat-seminar.png\" alt=\"\" width=\"1701\" height=\"2457\" srcset=\"https:\/\/us.edu.pl\/instytut\/inos\/wp-content\/uploads\/sites\/29\/Bez-kategorii\/plakat-seminar.png 1701w, https:\/\/us.edu.pl\/instytut\/inos\/wp-content\/uploads\/sites\/29\/Bez-kategorii\/plakat-seminar-208x300.png 208w, https:\/\/us.edu.pl\/instytut\/inos\/wp-content\/uploads\/sites\/29\/Bez-kategorii\/plakat-seminar-709x1024.png 709w, https:\/\/us.edu.pl\/instytut\/inos\/wp-content\/uploads\/sites\/29\/Bez-kategorii\/plakat-seminar-768x1109.png 768w, https:\/\/us.edu.pl\/instytut\/inos\/wp-content\/uploads\/sites\/29\/Bez-kategorii\/plakat-seminar-1063x1536.png 1063w, https:\/\/us.edu.pl\/instytut\/inos\/wp-content\/uploads\/sites\/29\/Bez-kategorii\/plakat-seminar-1418x2048.png 1418w, https:\/\/us.edu.pl\/instytut\/inos\/wp-content\/uploads\/sites\/29\/Bez-kategorii\/plakat-seminar-398x575.png 398w\" sizes=\"(max-width: 1701px) 100vw, 1701px\" \/><\/p>\n<\/div>\r\n                    <\/div>\r\n                <\/div>[\/vc_column][\/vc_row][vc_row][vc_column]\r\n                <div class=\"text-modules\">\r\n                    <div class=\"container\">\r\n                        \r\n                        <div class=\"text-modules__content\"><p><img class=\"alignnone size-large wp-image-1458\" src=\"https:\/\/us.edu.pl\/instytut\/inos\/wp-content\/uploads\/sites\/29\/Bez-kategorii\/sem1-709x1024.png\" alt=\"\" width=\"640\" height=\"924\" srcset=\"https:\/\/us.edu.pl\/instytut\/inos\/wp-content\/uploads\/sites\/29\/Bez-kategorii\/sem1-709x1024.png 709w, https:\/\/us.edu.pl\/instytut\/inos\/wp-content\/uploads\/sites\/29\/Bez-kategorii\/sem1-208x300.png 208w, https:\/\/us.edu.pl\/instytut\/inos\/wp-content\/uploads\/sites\/29\/Bez-kategorii\/sem1-768x1109.png 768w, https:\/\/us.edu.pl\/instytut\/inos\/wp-content\/uploads\/sites\/29\/Bez-kategorii\/sem1-1063x1536.png 1063w, https:\/\/us.edu.pl\/instytut\/inos\/wp-content\/uploads\/sites\/29\/Bez-kategorii\/sem1-1418x2048.png 1418w, https:\/\/us.edu.pl\/instytut\/inos\/wp-content\/uploads\/sites\/29\/Bez-kategorii\/sem1-398x575.png 398w, https:\/\/us.edu.pl\/instytut\/inos\/wp-content\/uploads\/sites\/29\/Bez-kategorii\/sem1.png 1701w\" sizes=\"(max-width: 640px) 100vw, 640px\" \/><img class=\"alignnone size-large wp-image-1459\" src=\"https:\/\/us.edu.pl\/instytut\/inos\/wp-content\/uploads\/sites\/29\/Bez-kategorii\/sem2-709x1024.png\" alt=\"\" width=\"640\" height=\"924\" srcset=\"https:\/\/us.edu.pl\/instytut\/inos\/wp-content\/uploads\/sites\/29\/Bez-kategorii\/sem2-709x1024.png 709w, https:\/\/us.edu.pl\/instytut\/inos\/wp-content\/uploads\/sites\/29\/Bez-kategorii\/sem2-208x300.png 208w, https:\/\/us.edu.pl\/instytut\/inos\/wp-content\/uploads\/sites\/29\/Bez-kategorii\/sem2-768x1109.png 768w, https:\/\/us.edu.pl\/instytut\/inos\/wp-content\/uploads\/sites\/29\/Bez-kategorii\/sem2-1063x1536.png 1063w, https:\/\/us.edu.pl\/instytut\/inos\/wp-content\/uploads\/sites\/29\/Bez-kategorii\/sem2-1418x2048.png 1418w, https:\/\/us.edu.pl\/instytut\/inos\/wp-content\/uploads\/sites\/29\/Bez-kategorii\/sem2-398x575.png 398w, https:\/\/us.edu.pl\/instytut\/inos\/wp-content\/uploads\/sites\/29\/Bez-kategorii\/sem2.png 1701w\" sizes=\"(max-width: 640px) 100vw, 640px\" \/><\/p>\n<\/div>\r\n                    <\/div>\r\n                <\/div>[\/vc_column][\/vc_row]<\/p>\n<style type=\"text\/css\">a[data-mtli~=\"mtli_filesize175,83kB\"]:after {content:\" (175,83 kB)\"}<\/style>","protected":false},"excerpt":{"rendered":"<p>[vc_row][vc_column width=&#8221;2\/3&#8243; css=&#8221;.vc_custom_1757324497802{border-top-width: 2px !important;border-right-width: 2px !important;border-bottom-width: 2px !important;border-left-width: 2px !important;border-left-color: #1e73be !important;border-left-style: solid !important;border-right-color: #1e73be !important;border-right-style: solid !important;border-top-color: #1e73be !important;border-top-style: solid !important;border-bottom-color: #1e73be !important;border-bottom-style: solid !important;border-radius: 10px !important;}&#8221;][\/vc_column][vc_column width=&#8221;1\/3&#8243;][\/vc_column][\/vc_row][vc_row][vc_column][\/vc_column][\/vc_row] [&#8230;]<\/p>\n<p><a class=\"btn btn-secondary understrap-read-more-link\" href=\"https:\/\/us.edu.pl\/instytut\/inos\/2025\/09\/08\/seminarium-studying-collecting-and-displaying-hans-memling-in-poland-and-italy-w-rzymie\/\">Read More&#8230;<\/a><\/p>\n","protected":false},"author":7254,"featured_media":1475,"comment_status":"open","ping_status":"open","sticky":false,"template":"","format":"standard","meta":{"_expiration-date-status":"","_expiration-date":0,"_expiration-date-type":"","_expiration-date-categories":[],"_expiration-date-options":[]},"categories":[9,1],"tags":[],"acf":[],"_links":{"self":[{"href":"https:\/\/us.edu.pl\/instytut\/inos\/wp-json\/wp\/v2\/posts\/1456"}],"collection":[{"href":"https:\/\/us.edu.pl\/instytut\/inos\/wp-json\/wp\/v2\/posts"}],"about":[{"href":"https:\/\/us.edu.pl\/instytut\/inos\/wp-json\/wp\/v2\/types\/post"}],"author":[{"embeddable":true,"href":"https:\/\/us.edu.pl\/instytut\/inos\/wp-json\/wp\/v2\/users\/7254"}],"replies":[{"embeddable":true,"href":"https:\/\/us.edu.pl\/instytut\/inos\/wp-json\/wp\/v2\/comments?post=1456"}],"version-history":[{"count":9,"href":"https:\/\/us.edu.pl\/instytut\/inos\/wp-json\/wp\/v2\/posts\/1456\/revisions"}],"predecessor-version":[{"id":1474,"href":"https:\/\/us.edu.pl\/instytut\/inos\/wp-json\/wp\/v2\/posts\/1456\/revisions\/1474"}],"wp:featuredmedia":[{"embeddable":true,"href":"https:\/\/us.edu.pl\/instytut\/inos\/wp-json\/wp\/v2\/media\/1475"}],"wp:attachment":[{"href":"https:\/\/us.edu.pl\/instytut\/inos\/wp-json\/wp\/v2\/media?parent=1456"}],"wp:term":[{"taxonomy":"category","embeddable":true,"href":"https:\/\/us.edu.pl\/instytut\/inos\/wp-json\/wp\/v2\/categories?post=1456"},{"taxonomy":"post_tag","embeddable":true,"href":"https:\/\/us.edu.pl\/instytut\/inos\/wp-json\/wp\/v2\/tags?post=1456"}],"curies":[{"name":"wp","href":"https:\/\/api.w.org\/{rel}","templated":true}]}}